{"id":89519,"date":"2022-10-31T11:36:29","date_gmt":"2022-10-31T14:36:29","guid":{"rendered":"https:\/\/blogdoedvaldomagalhaes.com.br\/?p=89519"},"modified":"2022-10-31T11:36:30","modified_gmt":"2022-10-31T14:36:30","slug":"palestra-sobre-o-autocuidado-e-enfrentamento-a-violencia-contra-as-mulheres-sera-realizada-nesta-segunda-31","status":"publish","type":"post","link":"https:\/\/blogdoedvaldomagalhaes.com.br\/index.php\/2022\/10\/31\/palestra-sobre-o-autocuidado-e-enfrentamento-a-violencia-contra-as-mulheres-sera-realizada-nesta-segunda-31\/","title":{"rendered":"Palestra sobre o autocuidado e enfrentamento \u00e0 viol\u00eancia contra as mulheres ser\u00e1 realizada nesta segunda (31)"},"content":{"rendered":"<p style=\"text-align: justify;\"><span style=\"color: initial; font-size: revert;\">Em alus\u00e3o ao Outubro Rosa, a Prefeitura de Caruaru, por meio da Secretaria de Pol\u00edticas para Mulheres (SPM), realizar\u00e1, nesta segunda-feira (31), \u00e0s 19h, uma palestra via Google Meet, sobre o autocuidado e enfrentamento \u00e0 viol\u00eancia contra as mulheres. As inscri\u00e7\u00f5es s\u00e3o gratuitas e podem ser feitas pelo link: bit.ly\/outubrorosa311022<\/span><\/p>\n<p style=\"text-align: justify;\">O evento contar\u00e1 com a presen\u00e7a da dra. Cristiana Tavares, m\u00e9dica oncologista cl\u00ednica do Hospital Universit\u00e1rio Oswaldo Cruz \/ UPE (Universidade de Pernambuco) e da Neoh Rede D\u2019Or Hospital Memorial S\u00e3o Jos\u00e9 e Hospital S\u00e3o Marcos; membro titular da Sociedade Brasileira de Oncologia Cl\u00ednica (SBOC); p\u00f3s-graduada em Oncogen\u00e9tica, pelo Hospital Israelita Albert Einstein; Mestre pela UPE; professora da Uninassau; e perita forense em Oncologia \/ Membro do Conselho Nacional dos Peritos Judiciais (CONPEJ).<\/p>\n<p style=\"text-align: justify;\">As a\u00e7\u00f5es de car\u00e1ter preventivo e educativo do enfrentamento \u00e0 viol\u00eancia contra as mulheres s\u00e3o realizadas de forma cotidiana pela SPM. A pauta da sa\u00fade da mulher chega entrela\u00e7ada ao enfrentamento na constru\u00e7\u00e3o da conscientiza\u00e7\u00e3o das formas que podem impactar a qualidade de vida das mulheres de forma positiva ou negativa.<\/p>\n<p style=\"text-align: justify;\">Siga o Instagram do Blog do Edvaldo Magalh\u00e3es e se inscreva no canal do Blog no YouTube.<\/p>\n","protected":false},"excerpt":{"rendered":"<p>Em alus\u00e3o ao Outubro Rosa, a Prefeitura de Caruaru, por meio da Secretaria de Pol\u00edticas para Mulheres (SPM), realizar\u00e1, nesta&hellip;<\/p>\n","protected":false},"author":1,"featured_media":89520,"comment_status":"closed","ping_status":"open","sticky":false,"template":"","format":"standard","meta":{"footnotes":""},"categories":[14120],"tags":[2,19532,3406,25971],"class_list":["post-89519","post","type-post","status-publish","format-standard","has-post-thumbnail","hentry","category-noticias","tag-blog-do-edvaldo-magalhaes","tag-blog-mais-acessado-e-visualizado-de-caruaru-e-regiao","tag-caruaru","tag-palestra-sobre-o-autocuidado-e-enfrentamento-a-violencia-contra-as-mulheres-sera-realizada-nesta-segunda-31"],"_links":{"self":[{"href":"https:\/\/blogdoedvaldomagalhaes.com.br\/index.php\/wp-json\/wp\/v2\/posts\/89519","targetHints":{"allow":["GET"]}}],"collection":[{"href":"https:\/\/blogdoedvaldomagalhaes.com.br\/index.php\/wp-json\/wp\/v2\/posts"}],"about":[{"href":"https:\/\/blogdoedvaldomagalhaes.com.br\/index.php\/wp-json\/wp\/v2\/types\/post"}],"author":[{"embeddable":true,"href":"https:\/\/blogdoedvaldomagalhaes.com.br\/index.php\/wp-json\/wp\/v2\/users\/1"}],"replies":[{"embeddable":true,"href":"https:\/\/blogdoedvaldomagalhaes.com.br\/index.php\/wp-json\/wp\/v2\/comments?post=89519"}],"version-history":[{"count":1,"href":"https:\/\/blogdoedvaldomagalhaes.com.br\/index.php\/wp-json\/wp\/v2\/posts\/89519\/revisions"}],"predecessor-version":[{"id":89521,"href":"https:\/\/blogdoedvaldomagalhaes.com.br\/index.php\/wp-json\/wp\/v2\/posts\/89519\/revisions\/89521"}],"wp:featuredmedia":[{"embeddable":true,"href":"https:\/\/blogdoedvaldomagalhaes.com.br\/index.php\/wp-json\/wp\/v2\/media\/89520"}],"wp:attachment":[{"href":"https:\/\/blogdoedvaldomagalhaes.com.br\/index.php\/wp-json\/wp\/v2\/media?parent=89519"}],"wp:term":[{"taxonomy":"category","embeddable":true,"href":"https:\/\/blogdoedvaldomagalhaes.com.br\/index.php\/wp-json\/wp\/v2\/categories?post=89519"},{"taxonomy":"post_tag","embeddable":true,"href":"https:\/\/blogdoedvaldomagalhaes.com.br\/index.php\/wp-json\/wp\/v2\/tags?post=89519"}],"curies":[{"name":"wp","href":"https:\/\/api.w.org\/{rel}","templated":true}]}}