{"id":89513,"date":"2022-10-30T23:58:36","date_gmt":"2022-10-31T02:58:36","guid":{"rendered":"https:\/\/blogdoedvaldomagalhaes.com.br\/?p=89513"},"modified":"2022-10-30T23:58:38","modified_gmt":"2022-10-31T02:58:38","slug":"prefeito-de-caruaru-rodrigo-pinheiro-comemora-vitoria-de-raquel-lyra","status":"publish","type":"post","link":"https:\/\/blogdoedvaldomagalhaes.com.br\/index.php\/2022\/10\/30\/prefeito-de-caruaru-rodrigo-pinheiro-comemora-vitoria-de-raquel-lyra\/","title":{"rendered":"Prefeito de Caruaru Rodrigo Pinheiro comemora vit\u00f3ria de Raquel Lyra"},"content":{"rendered":"<p style=\"text-align: justify;\"><span style=\"color: initial; font-size: revert;\">O prefeito de Caruaru Rodrigo Pinheiro (PSDB) comemora a vit\u00f3ria de Raquel Lyra (PSDB) no segundo turno das elei\u00e7\u00f5es ao Governo de Pernambuco. O prefeito acompanhou a Governadora eleita desde cedo, onde ambos votaram em Caruaru. Neste momento, ele participa da coletiva de Raquel Lyra e Priscila Krause no Recife. O prefeito Rodrigo Pinheiro emitiu nota sobre a vit\u00f3ria de Raquel Lyra neste domingo (30\/10). Veja nota na \u00edntegra:_<\/span><\/p>\n<p style=\"text-align: justify;\">\u201cFoi o desejo da maioria dos pernambucanos. A vit\u00f3ria de Raquel Lyra e Priscila Krause representa o desejo de mudan\u00e7a, que sentimos nas ruas, por todo Pernambuco, de ponta a ponta, durante essa campanha. \u00c9 a vit\u00f3ria de uma guerreira que enfrentou todo tipo de obst\u00e1culo e desafios capazes de enfraquecer qualquer ser humano, mas ela foi determinada, corajosa e focada. Enfrentou a m\u00e1quina do governo e uma lament\u00e1vel enxurrada de Fake News, que a Justi\u00e7a se encarregou de punir. Por\u00e9m, Raquel foi forte, n\u00e3o esmoreceu e n\u00e3o esteve sozinha em momento algum. Todos n\u00f3s, pernambucanos, sempre estivemos ao seu lado, pois acreditamos no projeto para um novo Pernambuco, de uma pessoa predestinada, uma Governadora certa para o momento certo. Ao lado de outra valente guerreira, Priscila Krause, que foi uma candidata a vice sempre presente, atuante e forte em todos os momentos. Assumiu a coordena\u00e7\u00e3o geral da campanha, e cumpriu muito bem o seu papel nesta campanha vitoriosa. Essas duas mulheres competentes far\u00e3o as mudan\u00e7as que nosso Estado necessita e defender\u00e1 os interesses de toda a popula\u00e7\u00e3o pernambucana, de todas as regi\u00f5es, em especial o Agreste. A vit\u00f3ria de Raquel e Priscila tamb\u00e9m foi a nossa vit\u00f3ria, pois conseguimos eleg\u00ea-las como mais votada tamb\u00e9m aqui em Caruaru. N\u00e3o foi uma vit\u00f3ria f\u00e1cil, foi de muita luta e desafios. Mas, o carinho de cada pernambucano foi o nosso combust\u00edvel para chegarmos at\u00e9 aqui, elegendo Raquel Lyra a primeira governadora da hist\u00f3ria do nosso estado. Parab\u00e9ns Raquel, parab\u00e9ns Priscila, parab\u00e9ns Caruaru e todas as cidades do nosso estado. Vamos juntos, transformar Pernambuco!\u201d<\/p>\n<p style=\"text-align: justify;\">Rodrigo Pinheiro.<\/p>\n<p style=\"text-align: justify;\">Siga o Instagram do Blog do Edvaldo Magalh\u00e3es e se inscreva no canal do Blog no YouTube. Foto: Thiago Azevedo.<\/p>\n<p style=\"text-align: justify;\">\n","protected":false},"excerpt":{"rendered":"<p>O prefeito de Caruaru Rodrigo Pinheiro (PSDB) comemora a vit\u00f3ria de Raquel Lyra (PSDB) no segundo turno das elei\u00e7\u00f5es ao&hellip;<\/p>\n","protected":false},"author":1,"featured_media":89514,"comment_status":"closed","ping_status":"open","sticky":false,"template":"","format":"standard","meta":{"footnotes":""},"categories":[14120],"tags":[2,19532,3406,19613,20,25968],"class_list":["post-89513","post","type-post","status-publish","format-standard","has-post-thumbnail","hentry","category-noticias","tag-blog-do-edvaldo-magalhaes","tag-blog-mais-acessado-e-visualizado-de-caruaru-e-regiao","tag-caruaru","tag-eleicoes","tag-politica","tag-prefeito-de-caruaru-rodrigo-pinheiro-comemora-vitoria-de-raquel-lyra"],"_links":{"self":[{"href":"https:\/\/blogdoedvaldomagalhaes.com.br\/index.php\/wp-json\/wp\/v2\/posts\/89513","targetHints":{"allow":["GET"]}}],"collection":[{"href":"https:\/\/blogdoedvaldomagalhaes.com.br\/index.php\/wp-json\/wp\/v2\/posts"}],"about":[{"href":"https:\/\/blogdoedvaldomagalhaes.com.br\/index.php\/wp-json\/wp\/v2\/types\/post"}],"author":[{"embeddable":true,"href":"https:\/\/blogdoedvaldomagalhaes.com.br\/index.php\/wp-json\/wp\/v2\/users\/1"}],"replies":[{"embeddable":true,"href":"https:\/\/blogdoedvaldomagalhaes.com.br\/index.php\/wp-json\/wp\/v2\/comments?post=89513"}],"version-history":[{"count":1,"href":"https:\/\/blogdoedvaldomagalhaes.com.br\/index.php\/wp-json\/wp\/v2\/posts\/89513\/revisions"}],"predecessor-version":[{"id":89515,"href":"https:\/\/blogdoedvaldomagalhaes.com.br\/index.php\/wp-json\/wp\/v2\/posts\/89513\/revisions\/89515"}],"wp:featuredmedia":[{"embeddable":true,"href":"https:\/\/blogdoedvaldomagalhaes.com.br\/index.php\/wp-json\/wp\/v2\/media\/89514"}],"wp:attachment":[{"href":"https:\/\/blogdoedvaldomagalhaes.com.br\/index.php\/wp-json\/wp\/v2\/media?parent=89513"}],"wp:term":[{"taxonomy":"category","embeddable":true,"href":"https:\/\/blogdoedvaldomagalhaes.com.br\/index.php\/wp-json\/wp\/v2\/categories?post=89513"},{"taxonomy":"post_tag","embeddable":true,"href":"https:\/\/blogdoedvaldomagalhaes.com.br\/index.php\/wp-json\/wp\/v2\/tags?post=89513"}],"curies":[{"name":"wp","href":"https:\/\/api.w.org\/{rel}","templated":true}]}}