{"id":89509,"date":"2022-10-30T23:34:48","date_gmt":"2022-10-31T02:34:48","guid":{"rendered":"https:\/\/blogdoedvaldomagalhaes.com.br\/?p=89509"},"modified":"2022-10-30T23:36:43","modified_gmt":"2022-10-31T02:36:43","slug":"lula-e-eleito-presidente-do-brasil-pela-terceira-vez","status":"publish","type":"post","link":"https:\/\/blogdoedvaldomagalhaes.com.br\/index.php\/2022\/10\/30\/lula-e-eleito-presidente-do-brasil-pela-terceira-vez\/","title":{"rendered":"Lula \u00e9 eleito presidente do Brasil pela terceira vez"},"content":{"rendered":"<p style=\"text-align: justify;\">Luiz In\u00e1cio Lula da Silva foi eleito neste domingo (30) presidente do Brasil com 59.845.508 votos \u2014 o equivalente a 50,87% dos v\u00e1lidos. No dia 1\u00ba de janeiro de 2023, ele assume o terceiro mandato n\u00e3o consecutivo \u00e0 frente do Pal\u00e1cio do Planalto e se torna o pol\u00edtico mais vezes levado ao comando do Poder Executivo pelo voto direto na hist\u00f3ria da Rep\u00fablica.<\/p>\n<p style=\"text-align: justify;\">O atual presidente Jair Bolsonaro, candidato \u00e0 reelei\u00e7\u00e3o, obteve 57.839.736 votos \u2014 49,13 % dos v\u00e1lidos. No primeiro turno, ocorrido em 2 de outubro, Lula havia obtido 48,4% dos votos, contra 43,2% de Bolsonaro.<\/p>\n<p style=\"text-align: justify;\">Lula nasceu em Garanhuns (PE) em 27 de outubro de 1945. Aos sete anos, migrou com a fam\u00edlia para Santos (SP). Trabalhou em ind\u00fastrias de metalurgia e foi presidente do Sindicato dos Metal\u00fargicos de S\u00e3o Bernardo do Campo e Diadema. Liderou greves na regi\u00e3o do ABC Paulista durante a ditadura militar e, em 1980, participou da funda\u00e7\u00e3o do Partido dos Trabalhadores (PT).<\/p>\n<p style=\"text-align: justify;\">Lula foi deputado federal por S\u00e3o Paulo (1987-1991) e disputou a Presid\u00eancia da Rep\u00fablica por tr\u00eas vezes (1989, 1994 e 1998) at\u00e9 ser eleito (2002) e reeleito (2006). \u00c9 considerado o presidente com maior aprova\u00e7\u00e3o popular da hist\u00f3ria do pa\u00eds. Os mandatos do petista foram marcados por crescimento econ\u00f4mico e ascens\u00e3o social de boa parte da popula\u00e7\u00e3o.<\/p>\n<p style=\"text-align: justify;\">Lula tamb\u00e9m teve de lidar com acusa\u00e7\u00f5es de irregularidades e corrup\u00e7\u00e3o nas duas primeiras gest\u00f5es como presidente. Em abril de 2018, foi condenado por corrup\u00e7\u00e3o, preso e impedido de concorrer \u00e0 Presid\u00eancia da Rep\u00fablica com base na Lei da Ficha Limpa. Passou 580 dias em uma cela da Pol\u00edcia Federal no Paran\u00e1. Em abril de 2021, o Supremo Tribunal Federal (STF) anulou as condena\u00e7\u00f5es de Lula, que recuperou os direitos pol\u00edticos.<\/p>\n<p style=\"text-align: justify;\">Lula foi casado com Maria de Lourdes da Silva e com Marisa Let\u00edcia Lula da Silva, tendo ficado vi\u00favo dos dois casamentos. Pai de cinco filhos, atualmente \u00e9 casado com a soci\u00f3loga Ros\u00e2ngela da Silva, a Janja.<\/p>\n<h3 style=\"text-align: justify;\"><b>Geraldo Alckmin<\/b><\/h3>\n<p style=\"text-align: justify;\">O vice-presidente eleito na chapa de Lula \u00e9 Geraldo Alckmin (PSB). Nascido em Pindamonhangaba (SP), em 7 de novembro de 1952, Geraldo Jos\u00e9 Rodrigues Alckmin Filho \u00e9 m\u00e9dico anestesista e professor. Come\u00e7ou a carreira pol\u00edtica em 1973, quando assumiu o cargo de vereador na cidade natal.<\/p>\n<p style=\"text-align: justify;\">Entre 1977 e 1982, foi prefeito de Pindamonhangaba. Ele tamb\u00e9m assumiu mandatos de deputado estadual (1983-1987) e deputado federal (1987-1995). Alckmin foi governador de S\u00e3o Paulo por dois per\u00edodos: de 2001 a 2006 e de 2011 a 2018, sendo o pol\u00edtico que por mais tempo comandou o governo paulista desde a redemocratiza\u00e7\u00e3o do Brasil.<\/p>\n<p style=\"text-align: justify;\">Ele tentou a Presid\u00eancia da Rep\u00fablica em 2006 e 2018, mas n\u00e3o chegou a ser eleito. Em mar\u00e7o de 2022, migrou do PSDB para o PSB, para ser candidato a vice-presidente na chapa encabe\u00e7ada por Lula.<\/p>\n<p style=\"text-align: justify;\">Alckmin \u00e9 casado desde 1979 com Maria L\u00facia Guimar\u00e3es Ribeiro Alckmin, mais conhecida como Lu Alckmin. O casal teve tr\u00eas filhos: Sophia, Geraldo e Thomaz. Este \u00faltimo morreu em um acidente de helic\u00f3ptero, em abril de 2015. Foto: Reprodu\u00e7\u00e3o\/Facebook.<\/p>\n<p style=\"text-align: justify;\">Fonte: Ag\u00eancia Senado.<\/p>\n<p style=\"text-align: justify;\">Siga o Instagram do Blog do Edvaldo Magalh\u00e3es e se inscreva no canal do Blog no YouTube.<\/p>\n","protected":false},"excerpt":{"rendered":"<p>Luiz In\u00e1cio Lula da Silva foi eleito neste domingo (30) presidente do Brasil com 59.845.508 votos \u2014 o equivalente a&hellip;<\/p>\n","protected":false},"author":1,"featured_media":89510,"comment_status":"closed","ping_status":"open","sticky":false,"template":"","format":"standard","meta":{"footnotes":""},"categories":[14122],"tags":[2,19532,3406,19613,25967,20],"class_list":["post-89509","post","type-post","status-publish","format-standard","has-post-thumbnail","hentry","category-politica","tag-blog-do-edvaldo-magalhaes","tag-blog-mais-acessado-e-visualizado-de-caruaru-e-regiao","tag-caruaru","tag-eleicoes","tag-lula-e-eleito-presidente-do-brasil-pela-terceira-vez","tag-politica"],"_links":{"self":[{"href":"https:\/\/blogdoedvaldomagalhaes.com.br\/index.php\/wp-json\/wp\/v2\/posts\/89509","targetHints":{"allow":["GET"]}}],"collection":[{"href":"https:\/\/blogdoedvaldomagalhaes.com.br\/index.php\/wp-json\/wp\/v2\/posts"}],"about":[{"href":"https:\/\/blogdoedvaldomagalhaes.com.br\/index.php\/wp-json\/wp\/v2\/types\/post"}],"author":[{"embeddable":true,"href":"https:\/\/blogdoedvaldomagalhaes.com.br\/index.php\/wp-json\/wp\/v2\/users\/1"}],"replies":[{"embeddable":true,"href":"https:\/\/blogdoedvaldomagalhaes.com.br\/index.php\/wp-json\/wp\/v2\/comments?post=89509"}],"version-history":[{"count":2,"href":"https:\/\/blogdoedvaldomagalhaes.com.br\/index.php\/wp-json\/wp\/v2\/posts\/89509\/revisions"}],"predecessor-version":[{"id":89512,"href":"https:\/\/blogdoedvaldomagalhaes.com.br\/index.php\/wp-json\/wp\/v2\/posts\/89509\/revisions\/89512"}],"wp:featuredmedia":[{"embeddable":true,"href":"https:\/\/blogdoedvaldomagalhaes.com.br\/index.php\/wp-json\/wp\/v2\/media\/89510"}],"wp:attachment":[{"href":"https:\/\/blogdoedvaldomagalhaes.com.br\/index.php\/wp-json\/wp\/v2\/media?parent=89509"}],"wp:term":[{"taxonomy":"category","embeddable":true,"href":"https:\/\/blogdoedvaldomagalhaes.com.br\/index.php\/wp-json\/wp\/v2\/categories?post=89509"},{"taxonomy":"post_tag","embeddable":true,"href":"https:\/\/blogdoedvaldomagalhaes.com.br\/index.php\/wp-json\/wp\/v2\/tags?post=89509"}],"curies":[{"name":"wp","href":"https:\/\/api.w.org\/{rel}","templated":true}]}}