{"id":89506,"date":"2022-10-30T23:24:14","date_gmt":"2022-10-31T02:24:14","guid":{"rendered":"https:\/\/blogdoedvaldomagalhaes.com.br\/?p=89506"},"modified":"2022-10-30T23:24:16","modified_gmt":"2022-10-31T02:24:16","slug":"raquel-lyra-e-eleita-governadora-de-pernambuco","status":"publish","type":"post","link":"https:\/\/blogdoedvaldomagalhaes.com.br\/index.php\/2022\/10\/30\/raquel-lyra-e-eleita-governadora-de-pernambuco\/","title":{"rendered":"Raquel Lyra \u00e9 eleita governadora de Pernambuco"},"content":{"rendered":"<p style=\"text-align: justify;\">Raquel Lyra (PSDB) foi eleita governadora de Pernambuco, neste domingo (30\/10). Com 58,87% dos votos v\u00e1lidos, a tucana ser\u00e1 a primeira mulher a governar o estado. Mar\u00edlia Arraes (Solidariedade) teve 41,13%. Foram apuradas at\u00e9 o momento 88,24% das urnas.<\/p>\n<p style=\"text-align: justify;\">Mar\u00edlia Arraes terminou o 1\u00ba turno \u00e0 frente, com 23,97% dos votos v\u00e1lidos, ante 20,58% de Raquel. A ex-petista apostou em uma forte vincula\u00e7\u00e3o com Luiz In\u00e1cio da Silva\u00a0(PT) num estado que majoritariamente votou no ex-presidente, enquanto Raquel Lyra se declarou neutra na disputa presidencial ap\u00f3s receber apoio de pol\u00edticos do campo bolsonarista no 2\u00ba turno.<\/p>\n<p style=\"text-align: justify;\">Advogada com p\u00f3s-gradua\u00e7\u00e3o em Direito Econ\u00f4mico e de empresas, Raquel Lyra tem 43 anos e nasceu no Recife (PE). Foi delegada da Pol\u00edcia Federal, chefe da Procuradoria de Apoio Jur\u00eddico e Legislativo do governo Eduardo Campos (PSB) e deputada estadual por dois mandatos.<\/p>\n<p style=\"text-align: justify;\">Raquel, que \u00e9 filha do ex-governador Jo\u00e3o Lyra Neto, trocou o PSB pelo PSDB em 2016 para se candidatar \u00e0 Prefeitura de Caruaru, a maior cidade do Agreste pernambucano. Foi eleita e reeleita em 2020.<\/p>\n<p style=\"text-align: justify;\">A elei\u00e7\u00e3o de Raquel Lyra ocorre quatro semanas ap\u00f3s uma trag\u00e9dia familiar. Seu marido, o empres\u00e1rio Fernando Lucena, morreu no dia do 1\u00ba turno v\u00edtima de um mal s\u00fabito. Isso fez com que a candidata ficasse reclusa na primeira semana de campanha do 2\u00ba turno.<\/p>\n<p style=\"text-align: justify;\">Al\u00e9m de ser a primeira mulher eleita governadora de Pernambuco, a vit\u00f3ria de Raquel Lyra encerra um ciclo de 15 anos de governo do PSB, que esteve \u00e0 frente do estado por quatro mandatos consecutivos com Eduardo Campos e Paulo C\u00e2mara. O postulante do partido nesta elei\u00e7\u00e3o, Danilo Cabral, terminou o 1\u00ba turno em quarto lugar, com 18,06% dos votos. Foto: Reprodu\u00e7\u00e3o.<\/p>\n<p style=\"text-align: justify;\">Siga o Instagram do Blog do Edvaldo Magalh\u00e3es e se inscreva no canal do Blog no YouTube.<\/p>\n","protected":false},"excerpt":{"rendered":"<p>Raquel Lyra (PSDB) foi eleita governadora de Pernambuco, neste domingo (30\/10). Com 58,87% dos votos v\u00e1lidos, a tucana ser\u00e1 a&hellip;<\/p>\n","protected":false},"author":1,"featured_media":89507,"comment_status":"closed","ping_status":"open","sticky":false,"template":"","format":"standard","meta":{"footnotes":""},"categories":[14122],"tags":[2,19532,3406,19613,20,25966],"class_list":["post-89506","post","type-post","status-publish","format-standard","has-post-thumbnail","hentry","category-politica","tag-blog-do-edvaldo-magalhaes","tag-blog-mais-acessado-e-visualizado-de-caruaru-e-regiao","tag-caruaru","tag-eleicoes","tag-politica","tag-raquel-lyra-e-eleita-governadora-de-pernambuco"],"_links":{"self":[{"href":"https:\/\/blogdoedvaldomagalhaes.com.br\/index.php\/wp-json\/wp\/v2\/posts\/89506","targetHints":{"allow":["GET"]}}],"collection":[{"href":"https:\/\/blogdoedvaldomagalhaes.com.br\/index.php\/wp-json\/wp\/v2\/posts"}],"about":[{"href":"https:\/\/blogdoedvaldomagalhaes.com.br\/index.php\/wp-json\/wp\/v2\/types\/post"}],"author":[{"embeddable":true,"href":"https:\/\/blogdoedvaldomagalhaes.com.br\/index.php\/wp-json\/wp\/v2\/users\/1"}],"replies":[{"embeddable":true,"href":"https:\/\/blogdoedvaldomagalhaes.com.br\/index.php\/wp-json\/wp\/v2\/comments?post=89506"}],"version-history":[{"count":1,"href":"https:\/\/blogdoedvaldomagalhaes.com.br\/index.php\/wp-json\/wp\/v2\/posts\/89506\/revisions"}],"predecessor-version":[{"id":89508,"href":"https:\/\/blogdoedvaldomagalhaes.com.br\/index.php\/wp-json\/wp\/v2\/posts\/89506\/revisions\/89508"}],"wp:featuredmedia":[{"embeddable":true,"href":"https:\/\/blogdoedvaldomagalhaes.com.br\/index.php\/wp-json\/wp\/v2\/media\/89507"}],"wp:attachment":[{"href":"https:\/\/blogdoedvaldomagalhaes.com.br\/index.php\/wp-json\/wp\/v2\/media?parent=89506"}],"wp:term":[{"taxonomy":"category","embeddable":true,"href":"https:\/\/blogdoedvaldomagalhaes.com.br\/index.php\/wp-json\/wp\/v2\/categories?post=89506"},{"taxonomy":"post_tag","embeddable":true,"href":"https:\/\/blogdoedvaldomagalhaes.com.br\/index.php\/wp-json\/wp\/v2\/tags?post=89506"}],"curies":[{"name":"wp","href":"https:\/\/api.w.org\/{rel}","templated":true}]}}