{"id":89503,"date":"2022-10-30T17:01:26","date_gmt":"2022-10-30T20:01:26","guid":{"rendered":"https:\/\/blogdoedvaldomagalhaes.com.br\/?p=89503"},"modified":"2022-10-30T17:01:28","modified_gmt":"2022-10-30T20:01:28","slug":"motorista-e-preso-apos-agredir-policiais-rodoviarios-federais-durante-abordagem-em-caruaru","status":"publish","type":"post","link":"https:\/\/blogdoedvaldomagalhaes.com.br\/index.php\/2022\/10\/30\/motorista-e-preso-apos-agredir-policiais-rodoviarios-federais-durante-abordagem-em-caruaru\/","title":{"rendered":"Motorista \u00e9 preso ap\u00f3s agredir policiais rodovi\u00e1rios federais durante abordagem em Caruaru"},"content":{"rendered":"<p style=\"text-align: justify;\"><span style=\"font-size: revert; color: initial;\">A Pol\u00edcia Rodovi\u00e1ria Federal (PRF) informa que na manh\u00e3 deste domingo (30) um motorista foi preso ap\u00f3s agredir tr\u00eas policiais que realizavam uma fiscaliza\u00e7\u00e3o na BR 104, em Caruaru\/PE.<\/span><\/p>\n<p style=\"text-align: justify;\">O motorista apresentava sinais de embriaguez, estava com a Carteira Nacional de Habilita\u00e7\u00e3o (CNH) e o Certificado de Registro e Licenciamento de Ve\u00edculo (CRLV) vencidos. O teste do baf\u00f4metro indicou o \u00edndice de 0,48 mg\/l, que configura crime.<\/p>\n<p style=\"text-align: justify;\">No momento da abordagem, o condutor agiu de forma truculenta com os policiais, desferiu socos e agrediu a equipe com uma chave de rodas. O homem precisou ser contido de acordo com o uso progressivo da for\u00e7a, ap\u00f3s esgotadas as tentativas de acalm\u00e1-lo.<\/p>\n<p style=\"text-align: justify;\">Um dos policiais foi atingido na cabe\u00e7a e precisou levar quatro pontos. Outro policial machucou a m\u00e3o e um terceiro teve escoria\u00e7\u00f5es.<\/p>\n<p style=\"text-align: justify;\">O homem foi encaminhado para exame de corpo de delito e em seguida \u00e0 Delegacia de Pol\u00edcia Federal em Caruaru, para a continuidade dos procedimentos legais. Foto: Arquivo.<\/p>\n<p style=\"text-align: justify;\">Siga o Instagram do Blog do Edvaldo Magalh\u00e3es e se inscreva no canal do Blog no YouTube.<\/p>\n","protected":false},"excerpt":{"rendered":"<p>A Pol\u00edcia Rodovi\u00e1ria Federal (PRF) informa que na manh\u00e3 deste domingo (30) um motorista foi preso ap\u00f3s agredir tr\u00eas policiais&hellip;<\/p>\n","protected":false},"author":1,"featured_media":78847,"comment_status":"closed","ping_status":"open","sticky":false,"template":"","format":"standard","meta":{"footnotes":""},"categories":[14121],"tags":[2,19532,3406,25965],"class_list":["post-89503","post","type-post","status-publish","format-standard","has-post-thumbnail","hentry","category-policial","tag-blog-do-edvaldo-magalhaes","tag-blog-mais-acessado-e-visualizado-de-caruaru-e-regiao","tag-caruaru","tag-motorista-e-preso-apos-agredir-policiais-rodoviarios-federais-durante-abordagem-em-caruaru"],"_links":{"self":[{"href":"https:\/\/blogdoedvaldomagalhaes.com.br\/index.php\/wp-json\/wp\/v2\/posts\/89503","targetHints":{"allow":["GET"]}}],"collection":[{"href":"https:\/\/blogdoedvaldomagalhaes.com.br\/index.php\/wp-json\/wp\/v2\/posts"}],"about":[{"href":"https:\/\/blogdoedvaldomagalhaes.com.br\/index.php\/wp-json\/wp\/v2\/types\/post"}],"author":[{"embeddable":true,"href":"https:\/\/blogdoedvaldomagalhaes.com.br\/index.php\/wp-json\/wp\/v2\/users\/1"}],"replies":[{"embeddable":true,"href":"https:\/\/blogdoedvaldomagalhaes.com.br\/index.php\/wp-json\/wp\/v2\/comments?post=89503"}],"version-history":[{"count":1,"href":"https:\/\/blogdoedvaldomagalhaes.com.br\/index.php\/wp-json\/wp\/v2\/posts\/89503\/revisions"}],"predecessor-version":[{"id":89504,"href":"https:\/\/blogdoedvaldomagalhaes.com.br\/index.php\/wp-json\/wp\/v2\/posts\/89503\/revisions\/89504"}],"wp:featuredmedia":[{"embeddable":true,"href":"https:\/\/blogdoedvaldomagalhaes.com.br\/index.php\/wp-json\/wp\/v2\/media\/78847"}],"wp:attachment":[{"href":"https:\/\/blogdoedvaldomagalhaes.com.br\/index.php\/wp-json\/wp\/v2\/media?parent=89503"}],"wp:term":[{"taxonomy":"category","embeddable":true,"href":"https:\/\/blogdoedvaldomagalhaes.com.br\/index.php\/wp-json\/wp\/v2\/categories?post=89503"},{"taxonomy":"post_tag","embeddable":true,"href":"https:\/\/blogdoedvaldomagalhaes.com.br\/index.php\/wp-json\/wp\/v2\/tags?post=89503"}],"curies":[{"name":"wp","href":"https:\/\/api.w.org\/{rel}","templated":true}]}}