{"id":89500,"date":"2022-10-30T16:43:46","date_gmt":"2022-10-30T19:43:46","guid":{"rendered":"https:\/\/blogdoedvaldomagalhaes.com.br\/?p=89500"},"modified":"2022-10-30T16:43:48","modified_gmt":"2022-10-30T19:43:48","slug":"mp-eleitoral-e-justica-eleitoral-tomam-medidas-cabiveis-para-garantir-deslocamento-de-eleitores","status":"publish","type":"post","link":"https:\/\/blogdoedvaldomagalhaes.com.br\/index.php\/2022\/10\/30\/mp-eleitoral-e-justica-eleitoral-tomam-medidas-cabiveis-para-garantir-deslocamento-de-eleitores\/","title":{"rendered":"MP Eleitoral e Justi\u00e7a Eleitoral tomam medidas cab\u00edveis para garantir deslocamento de eleitores"},"content":{"rendered":"<p style=\"text-align: justify;\"><span style=\"font-size: revert; color: initial;\">Ap\u00f3s tomar conhecimento de den\u00fancias sobre reten\u00e7\u00e3o de \u00f4nibus em rodovias na regi\u00e3o de Garanhuns na manh\u00e3 de hoje (30), o Minist\u00e9rio P\u00fablico Eleitoral comunicou os fatos \u00e0 Justi\u00e7a Eleitoral, que contatou o inspetor regional da Pol\u00edcia Rodovi\u00e1ria Federal. Ap\u00f3s o contato efetuado pela ju\u00edza eleitoral, n\u00e3o foram registrados novas a\u00e7\u00f5es de fiscaliza\u00e7\u00e3o na localidade, em conformidade com decis\u00e3o expedida pelo Tribunal Superior Eleitoral. Foto: Divulga\u00e7\u00e3o.<\/span><\/p>\n<p style=\"text-align: justify;\">Siga o Instagram do Blog do Edvaldo Magalh\u00e3es e se inscreva no canal do Blog no YouTube<\/p>\n","protected":false},"excerpt":{"rendered":"<p>Ap\u00f3s tomar conhecimento de den\u00fancias sobre reten\u00e7\u00e3o de \u00f4nibus em rodovias na regi\u00e3o de Garanhuns na manh\u00e3 de hoje (30),&hellip;<\/p>\n","protected":false},"author":1,"featured_media":89501,"comment_status":"closed","ping_status":"open","sticky":false,"template":"","format":"standard","meta":{"footnotes":""},"categories":[14122],"tags":[2,19532,3406,19613,25964,20],"class_list":["post-89500","post","type-post","status-publish","format-standard","has-post-thumbnail","hentry","category-politica","tag-blog-do-edvaldo-magalhaes","tag-blog-mais-acessado-e-visualizado-de-caruaru-e-regiao","tag-caruaru","tag-eleicoes","tag-mp-eleitoral-e-justica-eleitoral-tomam-medidas-cabiveis-para-garantir-deslocamento-de-eleitores","tag-politica"],"_links":{"self":[{"href":"https:\/\/blogdoedvaldomagalhaes.com.br\/index.php\/wp-json\/wp\/v2\/posts\/89500","targetHints":{"allow":["GET"]}}],"collection":[{"href":"https:\/\/blogdoedvaldomagalhaes.com.br\/index.php\/wp-json\/wp\/v2\/posts"}],"about":[{"href":"https:\/\/blogdoedvaldomagalhaes.com.br\/index.php\/wp-json\/wp\/v2\/types\/post"}],"author":[{"embeddable":true,"href":"https:\/\/blogdoedvaldomagalhaes.com.br\/index.php\/wp-json\/wp\/v2\/users\/1"}],"replies":[{"embeddable":true,"href":"https:\/\/blogdoedvaldomagalhaes.com.br\/index.php\/wp-json\/wp\/v2\/comments?post=89500"}],"version-history":[{"count":1,"href":"https:\/\/blogdoedvaldomagalhaes.com.br\/index.php\/wp-json\/wp\/v2\/posts\/89500\/revisions"}],"predecessor-version":[{"id":89502,"href":"https:\/\/blogdoedvaldomagalhaes.com.br\/index.php\/wp-json\/wp\/v2\/posts\/89500\/revisions\/89502"}],"wp:featuredmedia":[{"embeddable":true,"href":"https:\/\/blogdoedvaldomagalhaes.com.br\/index.php\/wp-json\/wp\/v2\/media\/89501"}],"wp:attachment":[{"href":"https:\/\/blogdoedvaldomagalhaes.com.br\/index.php\/wp-json\/wp\/v2\/media?parent=89500"}],"wp:term":[{"taxonomy":"category","embeddable":true,"href":"https:\/\/blogdoedvaldomagalhaes.com.br\/index.php\/wp-json\/wp\/v2\/categories?post=89500"},{"taxonomy":"post_tag","embeddable":true,"href":"https:\/\/blogdoedvaldomagalhaes.com.br\/index.php\/wp-json\/wp\/v2\/tags?post=89500"}],"curies":[{"name":"wp","href":"https:\/\/api.w.org\/{rel}","templated":true}]}}