{"id":895,"date":"2018-10-25T22:25:00","date_gmt":"2018-10-26T00:25:00","guid":{"rendered":"http:\/\/blogdoedvaldomagalhaes.com.br\/index.php\/2018\/10\/25\/projeto-de-requalificacao-da-feira-de\/"},"modified":"2019-02-09T02:36:59","modified_gmt":"2019-02-09T04:36:59","slug":"projeto-de-requalificacao-da-feira-de","status":"publish","type":"post","link":"https:\/\/blogdoedvaldomagalhaes.com.br\/index.php\/2018\/10\/25\/projeto-de-requalificacao-da-feira-de\/","title":{"rendered":"Projeto de requalifica\u00e7\u00e3o da feira de Caruaru foi apresentado na Acic nesta quinta (25)"},"content":{"rendered":"<div style=\"text-align: justify;\">\n<div class=\"separator\" style=\"clear: both; text-align: center;\">\n<a href=\"https:\/\/4.bp.blogspot.com\/-cyM9TAe3Hjg\/W9JCLZMEaeI\/AAAAAAAA8ZI\/6sF53EhVb9weXIlCNIJEUyu7TWxd1AEcwCLcBGAs\/s1600\/IMG-20181025-WA0123.jpg\" imageanchor=\"1\" style=\"margin-left: 1em; margin-right: 1em;\"><img loading=\"lazy\" decoding=\"async\" border=\"0\" data-original-height=\"853\" data-original-width=\"1280\" height=\"426\" src=\"http:\/\/blogdoedvaldomagalhaes.com.br\/wp-content\/uploads\/2018\/10\/IMG-20181025-WA0123.jpg\" width=\"640\" \/><\/a><\/div>\n<p><\/div>\n<div style=\"text-align: justify;\">\nA convite da ACIC, o secret\u00e1rio Extraordin\u00e1rio da Feira, Jos\u00e9 Pereira, apresentou o projeto de requalifica\u00e7\u00e3o do Parque 18 de maio. O investimento ser\u00e1 de 8 milh\u00f5es de reais, montante obtido pela prefeita Raquel Lyra junto ao Minist\u00e9rio das Cidades.&nbsp;<\/p>\n<\/div>\n<div style=\"text-align: justify;\">\n<div class=\"separator\" style=\"clear: both; text-align: center;\">\n<a href=\"https:\/\/1.bp.blogspot.com\/-VzrHwV7ph1U\/W9JCp4PNnfI\/AAAAAAAA8ZU\/C_hO4LDQI_UCHr0Md-kuIwGNSTDwq41mgCLcBGAs\/s1600\/IMG-20181025-WA0122.jpg\" imageanchor=\"1\" style=\"margin-left: 1em; margin-right: 1em;\"><img loading=\"lazy\" decoding=\"async\" border=\"0\" data-original-height=\"341\" data-original-width=\"512\" height=\"426\" src=\"http:\/\/blogdoedvaldomagalhaes.com.br\/wp-content\/uploads\/2018\/10\/IMG-20181025-WA0122.jpg\" width=\"640\" \/><\/a><\/div>\n<div style=\"text-align: center;\">\n<b>Foto:<\/b> Hygor de Barros<\/div>\n<div style=\"text-align: center;\">\n<\/div>\n<\/div>\n<div style=\"text-align: justify;\">\nNo mercado de farinha, o valor investido ser\u00e1 de R$ 1,2 milh\u00e3o. J\u00e1 no mercado de carne, o investimento ser\u00e1 ainda maior, j\u00e1 que no local \u00e9 necess\u00e1ria a requalifica\u00e7\u00e3o do espa\u00e7o para a comercializa\u00e7\u00e3o do produto de forma correta. Todos os expositores ser\u00e3o refrigerados e o pr\u00e9dio receber\u00e1 nova cisterna, caixa d&#8217;\u00e1gua e todo o telhado ser\u00e1 refeito.&nbsp;<\/p>\n<\/div>\n<div style=\"text-align: justify;\">\n<div class=\"separator\" style=\"clear: both; text-align: center;\">\n<a href=\"https:\/\/2.bp.blogspot.com\/-kpSZIB32RPQ\/W9JCeRsvvMI\/AAAAAAAA8ZQ\/rQQfhdN1j5Q6_ayvQLPOTAdSx6qpRhO4gCLcBGAs\/s1600\/IMG_20181025_125418067.jpg\" imageanchor=\"1\" style=\"margin-left: 1em; margin-right: 1em;\"><img loading=\"lazy\" decoding=\"async\" border=\"0\" data-original-height=\"1200\" data-original-width=\"1600\" height=\"480\" src=\"http:\/\/blogdoedvaldomagalhaes.com.br\/wp-content\/uploads\/2018\/10\/IMG_20181025_125418067.jpg\" width=\"640\" \/><\/a><\/div>\n<p><\/div>\n<div style=\"text-align: justify;\">\nA Casa Rosa vai se transformar em um mercado cultural, com uma \u00e1rea de gastronomia, espa\u00e7o para apresenta\u00e7\u00f5es musicais e um centro de exposi\u00e7\u00f5es com a hist\u00f3ria cultural da feira.<\/div>\n<div style=\"text-align: justify;\">\n<\/div>\n<div style=\"text-align: justify;\">\n<div class=\"separator\" style=\"clear: both; text-align: center;\">\n<a href=\"https:\/\/3.bp.blogspot.com\/-zfzT3PZ_sMY\/W9JC0EN665I\/AAAAAAAA8Zc\/6yICPOmBT0AY5qbvpWffdwxY1dl7bZLuACLcBGAs\/s1600\/IMG_20181025_125241259.jpg\" imageanchor=\"1\" style=\"margin-left: 1em; margin-right: 1em;\"><img loading=\"lazy\" decoding=\"async\" border=\"0\" data-original-height=\"1200\" data-original-width=\"1600\" height=\"480\" src=\"http:\/\/blogdoedvaldomagalhaes.com.br\/wp-content\/uploads\/2018\/10\/IMG_20181025_125241259.jpg\" width=\"640\" \/><\/a><\/div>\n<p><\/div>\n<div style=\"text-align: justify;\">\nO projeto j\u00e1 come\u00e7ou a ser executado, com a reforma de mais de 13 mil metros de cal\u00e7adas, que receber\u00e3o acesso para cadeirantes e piso t\u00e1til para deficientes visuais.<\/p>\n<\/div>\n","protected":false},"excerpt":{"rendered":"<p>A convite da ACIC, o secret\u00e1rio Extraordin\u00e1rio da Feira, Jos\u00e9 Pereira, apresentou o projeto de requalifica\u00e7\u00e3o do Parque 18 de&hellip;<\/p>\n","protected":false},"author":1,"featured_media":0,"comment_status":"open","ping_status":"open","sticky":false,"template":"","format":"standard","meta":{"footnotes":""},"categories":[1],"tags":[2,6,845],"class_list":["post-895","post","type-post","status-publish","format-standard","hentry","category-sem-categoria","tag-blog-do-edvaldo-magalhaes","tag-noticias","tag-projeto-de-requalificacao-da-feira-de-caruaru-foi-apresentado-na-acic-nesta-quinta-25"],"_links":{"self":[{"href":"https:\/\/blogdoedvaldomagalhaes.com.br\/index.php\/wp-json\/wp\/v2\/posts\/895","targetHints":{"allow":["GET"]}}],"collection":[{"href":"https:\/\/blogdoedvaldomagalhaes.com.br\/index.php\/wp-json\/wp\/v2\/posts"}],"about":[{"href":"https:\/\/blogdoedvaldomagalhaes.com.br\/index.php\/wp-json\/wp\/v2\/types\/post"}],"author":[{"embeddable":true,"href":"https:\/\/blogdoedvaldomagalhaes.com.br\/index.php\/wp-json\/wp\/v2\/users\/1"}],"replies":[{"embeddable":true,"href":"https:\/\/blogdoedvaldomagalhaes.com.br\/index.php\/wp-json\/wp\/v2\/comments?post=895"}],"version-history":[{"count":1,"href":"https:\/\/blogdoedvaldomagalhaes.com.br\/index.php\/wp-json\/wp\/v2\/posts\/895\/revisions"}],"predecessor-version":[{"id":35268,"href":"https:\/\/blogdoedvaldomagalhaes.com.br\/index.php\/wp-json\/wp\/v2\/posts\/895\/revisions\/35268"}],"wp:attachment":[{"href":"https:\/\/blogdoedvaldomagalhaes.com.br\/index.php\/wp-json\/wp\/v2\/media?parent=895"}],"wp:term":[{"taxonomy":"category","embeddable":true,"href":"https:\/\/blogdoedvaldomagalhaes.com.br\/index.php\/wp-json\/wp\/v2\/categories?post=895"},{"taxonomy":"post_tag","embeddable":true,"href":"https:\/\/blogdoedvaldomagalhaes.com.br\/index.php\/wp-json\/wp\/v2\/tags?post=895"}],"curies":[{"name":"wp","href":"https:\/\/api.w.org\/{rel}","templated":true}]}}