{"id":89497,"date":"2022-10-30T14:23:17","date_gmt":"2022-10-30T17:23:17","guid":{"rendered":"https:\/\/blogdoedvaldomagalhaes.com.br\/?p=89497"},"modified":"2022-10-30T14:23:18","modified_gmt":"2022-10-30T17:23:18","slug":"marilia-arraes-vota-no-recife-acompanhada-da-familia-e-apoiadores","status":"publish","type":"post","link":"https:\/\/blogdoedvaldomagalhaes.com.br\/index.php\/2022\/10\/30\/marilia-arraes-vota-no-recife-acompanhada-da-familia-e-apoiadores\/","title":{"rendered":"Mar\u00edlia Arraes vota no Recife acompanhada da fam\u00edlia e apoiadores"},"content":{"rendered":"<p style=\"text-align: justify;\"><span style=\"font-size: revert; color: initial;\">Pernambuco ter\u00e1 a sua primeira mulher governadora ao fim deste domingo. Gr\u00e1vida de Maria Magdalena, Mar\u00edlia Arraes, candidata ao Governo do Estado, iniciou esse dia hist\u00f3rico votando ao lado do seu marido, Andr\u00e9 Cacau, de suas filhas, Maria Isabel, Maria Barbara, e de uma s\u00e9rie de vereadores, deputados e militantes que acreditam de verdade na defesa da Democracia.<\/span><\/p>\n<p style=\"text-align: justify;\">Emocionada, a candidata de Lula mostrou muita confian\u00e7a na vit\u00f3ria e que ser\u00e1 governadora de Pernambuco a partir do ano que vem. &#8220;Me preparei muito para esse momento nos \u00faltimos cinco anos. Eu conhe\u00e7o Pernambuco e amo esse estado. Coloquei \u00e0 disposi\u00e7\u00e3o dos pernambucanos a minha trajet\u00f3ria e estou muito confiante que vamos conseguir respeitar a Democracia.&#8221;<\/p>\n<p style=\"text-align: justify;\">&#8220;Essa elei\u00e7\u00e3o j\u00e1 est\u00e1 na hist\u00f3ria, pois s\u00e3o duas mulheres disputando o segundo turno. Pernambuco \u00e9 uma terra de revolu\u00e7\u00f5es e precisamos de mulheres que tenham posi\u00e7\u00e3o e coragem. N\u00f3s temos lado e estamos com Lula e com a Democracia.&#8221; Foto: Tiago Calazans.<\/p>\n<p style=\"text-align: justify;\">Siga o Instagram do Blog do Edvaldo Magalh\u00e3es e se inscreva no canal do Blog no YouTube.<\/p>\n","protected":false},"excerpt":{"rendered":"<p>Pernambuco ter\u00e1 a sua primeira mulher governadora ao fim deste domingo. Gr\u00e1vida de Maria Magdalena, Mar\u00edlia Arraes, candidata ao Governo&hellip;<\/p>\n","protected":false},"author":1,"featured_media":89498,"comment_status":"closed","ping_status":"open","sticky":false,"template":"","format":"standard","meta":{"footnotes":""},"categories":[14122],"tags":[2,19532,3406,19613,25963],"class_list":["post-89497","post","type-post","status-publish","format-standard","has-post-thumbnail","hentry","category-politica","tag-blog-do-edvaldo-magalhaes","tag-blog-mais-acessado-e-visualizado-de-caruaru-e-regiao","tag-caruaru","tag-eleicoes","tag-marilia-arraes-vota-no-recife-acompanhada-da-familia-e-apoiadores"],"_links":{"self":[{"href":"https:\/\/blogdoedvaldomagalhaes.com.br\/index.php\/wp-json\/wp\/v2\/posts\/89497","targetHints":{"allow":["GET"]}}],"collection":[{"href":"https:\/\/blogdoedvaldomagalhaes.com.br\/index.php\/wp-json\/wp\/v2\/posts"}],"about":[{"href":"https:\/\/blogdoedvaldomagalhaes.com.br\/index.php\/wp-json\/wp\/v2\/types\/post"}],"author":[{"embeddable":true,"href":"https:\/\/blogdoedvaldomagalhaes.com.br\/index.php\/wp-json\/wp\/v2\/users\/1"}],"replies":[{"embeddable":true,"href":"https:\/\/blogdoedvaldomagalhaes.com.br\/index.php\/wp-json\/wp\/v2\/comments?post=89497"}],"version-history":[{"count":1,"href":"https:\/\/blogdoedvaldomagalhaes.com.br\/index.php\/wp-json\/wp\/v2\/posts\/89497\/revisions"}],"predecessor-version":[{"id":89499,"href":"https:\/\/blogdoedvaldomagalhaes.com.br\/index.php\/wp-json\/wp\/v2\/posts\/89497\/revisions\/89499"}],"wp:featuredmedia":[{"embeddable":true,"href":"https:\/\/blogdoedvaldomagalhaes.com.br\/index.php\/wp-json\/wp\/v2\/media\/89498"}],"wp:attachment":[{"href":"https:\/\/blogdoedvaldomagalhaes.com.br\/index.php\/wp-json\/wp\/v2\/media?parent=89497"}],"wp:term":[{"taxonomy":"category","embeddable":true,"href":"https:\/\/blogdoedvaldomagalhaes.com.br\/index.php\/wp-json\/wp\/v2\/categories?post=89497"},{"taxonomy":"post_tag","embeddable":true,"href":"https:\/\/blogdoedvaldomagalhaes.com.br\/index.php\/wp-json\/wp\/v2\/tags?post=89497"}],"curies":[{"name":"wp","href":"https:\/\/api.w.org\/{rel}","templated":true}]}}