{"id":89491,"date":"2022-10-30T13:59:40","date_gmt":"2022-10-30T16:59:40","guid":{"rendered":"https:\/\/blogdoedvaldomagalhaes.com.br\/?p=89491"},"modified":"2022-10-30T13:59:42","modified_gmt":"2022-10-30T16:59:42","slug":"prefeito-de-caruaru-rodrigo-pinheiro-vota-e-acompanha-a-candidata-ao-governo-do-estado-raquel-lyra-em-sua-votacao","status":"publish","type":"post","link":"https:\/\/blogdoedvaldomagalhaes.com.br\/index.php\/2022\/10\/30\/prefeito-de-caruaru-rodrigo-pinheiro-vota-e-acompanha-a-candidata-ao-governo-do-estado-raquel-lyra-em-sua-votacao\/","title":{"rendered":"Prefeito de Caruaru, Rodrigo Pinheiro, vota e acompanha a candidata ao Governo do Estado, Raquel Lyra, em sua vota\u00e7\u00e3o"},"content":{"rendered":"<p style=\"text-align: justify;\"><span style=\"color: initial; font-size: revert;\">O prefeito de Caruaru, Rodrigo Pinheiro (PSDB), exerceu o seu direito de cidad\u00e3o votando na manh\u00e3 deste domingo (30), na faculdade Asces-Unita.<\/span><\/p>\n<p style=\"text-align: justify;\">Logo ap\u00f3s votar, Rodrigo atendeu \u00e0 imprensa e seguiu para acompanhar a sua aliada e candidata ao Governo de Pernambuco, Raquel Lyra (PSDB), na sua vota\u00e7\u00e3o.<\/p>\n<p style=\"text-align: justify;\">O prefeito de Caruaru segue agenda com Raquel Lyra na Capital Pernambucana, acompanhando a apura\u00e7\u00e3o dos votos do estado. Foto: Divulga\u00e7\u00e3o.<\/p>\n<p style=\"text-align: justify;\">Siga o Instagram do Blog do Edvaldo Magalh\u00e3es e se inscreva no canal do Blog no YouTube.<\/p>\n","protected":false},"excerpt":{"rendered":"<p>O prefeito de Caruaru, Rodrigo Pinheiro (PSDB), exerceu o seu direito de cidad\u00e3o votando na manh\u00e3 deste domingo (30), na&hellip;<\/p>\n","protected":false},"author":1,"featured_media":89492,"comment_status":"closed","ping_status":"open","sticky":false,"template":"","format":"standard","meta":{"footnotes":""},"categories":[14122],"tags":[2,19532,3406,19613,20],"class_list":["post-89491","post","type-post","status-publish","format-standard","has-post-thumbnail","hentry","category-politica","tag-blog-do-edvaldo-magalhaes","tag-blog-mais-acessado-e-visualizado-de-caruaru-e-regiao","tag-caruaru","tag-eleicoes","tag-politica"],"_links":{"self":[{"href":"https:\/\/blogdoedvaldomagalhaes.com.br\/index.php\/wp-json\/wp\/v2\/posts\/89491","targetHints":{"allow":["GET"]}}],"collection":[{"href":"https:\/\/blogdoedvaldomagalhaes.com.br\/index.php\/wp-json\/wp\/v2\/posts"}],"about":[{"href":"https:\/\/blogdoedvaldomagalhaes.com.br\/index.php\/wp-json\/wp\/v2\/types\/post"}],"author":[{"embeddable":true,"href":"https:\/\/blogdoedvaldomagalhaes.com.br\/index.php\/wp-json\/wp\/v2\/users\/1"}],"replies":[{"embeddable":true,"href":"https:\/\/blogdoedvaldomagalhaes.com.br\/index.php\/wp-json\/wp\/v2\/comments?post=89491"}],"version-history":[{"count":1,"href":"https:\/\/blogdoedvaldomagalhaes.com.br\/index.php\/wp-json\/wp\/v2\/posts\/89491\/revisions"}],"predecessor-version":[{"id":89493,"href":"https:\/\/blogdoedvaldomagalhaes.com.br\/index.php\/wp-json\/wp\/v2\/posts\/89491\/revisions\/89493"}],"wp:featuredmedia":[{"embeddable":true,"href":"https:\/\/blogdoedvaldomagalhaes.com.br\/index.php\/wp-json\/wp\/v2\/media\/89492"}],"wp:attachment":[{"href":"https:\/\/blogdoedvaldomagalhaes.com.br\/index.php\/wp-json\/wp\/v2\/media?parent=89491"}],"wp:term":[{"taxonomy":"category","embeddable":true,"href":"https:\/\/blogdoedvaldomagalhaes.com.br\/index.php\/wp-json\/wp\/v2\/categories?post=89491"},{"taxonomy":"post_tag","embeddable":true,"href":"https:\/\/blogdoedvaldomagalhaes.com.br\/index.php\/wp-json\/wp\/v2\/tags?post=89491"}],"curies":[{"name":"wp","href":"https:\/\/api.w.org\/{rel}","templated":true}]}}