{"id":89487,"date":"2022-10-30T13:28:11","date_gmt":"2022-10-30T16:28:11","guid":{"rendered":"https:\/\/blogdoedvaldomagalhaes.com.br\/?p=89487"},"modified":"2022-10-30T13:28:13","modified_gmt":"2022-10-30T16:28:13","slug":"quase-quatro-em-cada-dez-mulheres-sofrem-de-catarata-no-brasil","status":"publish","type":"post","link":"https:\/\/blogdoedvaldomagalhaes.com.br\/index.php\/2022\/10\/30\/quase-quatro-em-cada-dez-mulheres-sofrem-de-catarata-no-brasil\/","title":{"rendered":"Quase quatro em cada dez mulheres sofrem de catarata no Brasil"},"content":{"rendered":"<p style=\"text-align: justify;\"><span style=\"font-weight: 400;\">Dados do Instituto Brasileiro de Geografia e Estat\u00edstica (IBGE) apontam que <\/span><span style=\"font-weight: 400;\">38,6% das mulheres acima dos 60 anos sofrem de catarata, contra 29,4% dos homens na mesma faixa et\u00e1ria. Segundo o Conselho Brasileiro de Oftalmologia (CBO), a doen\u00e7a responde por 49% da cegueira no Pa\u00eds. Quando a catarata est\u00e1 associada \u00e0 idade, chamamos a doen\u00e7a de catarata senil.<\/span><\/p>\n<p style=\"text-align: justify;\"><span style=\"font-weight: 400;\">O IBGE aponta ainda que cerca de 30% dos brasileiros acima dos 60 anos sofrem com a doen\u00e7a. Pessoas de 65 a 74 anos representam 33,9%. Mais velhos que 75 anos marcam 55,5% dos afetados pela catarata.\u00a0<\/span><\/p>\n<p style=\"text-align: justify;\"><span style=\"font-weight: 400;\">Apesar dos n\u00fameros apontarem uma maior incid\u00eancia dos casos nas mulheres, a oftalmologista Bruna Ventura, do HOPE, hospital refer\u00eancia em oftalmologia da Rede Vision One, afirma que outros fatores s\u00e3o mais determinantes no aparecimento da catarata. \u201cA doen\u00e7a \u00e9 muito mais relacionada \u00e0 idade, geralmente aparece a partir dos 50 anos. Tamb\u00e9m est\u00e1 relacionada \u00e0 fatores como fumo, diabetes e exposi\u00e7\u00e3o excessiva aos raios ultravioletas\u201d, explica Bruna.\u00a0<\/span><\/p>\n<p style=\"text-align: justify;\"><span style=\"font-weight: 400;\">A catarata \u00e9 o emba\u00e7amento do cristalino do olho, e s\u00f3 \u00e9 vista \u00e0 olho nu quando se encontra em um est\u00e1gio muito avan\u00e7ado. A maioria das cataratas se desenvolvem lentamente ao longo do tempo, causando sintomas, como vis\u00e3o emba\u00e7ada. Essa condi\u00e7\u00e3o pode ser revertida cirurgicamente, por meio de um procedimento especializado que restaura a vis\u00e3o.<\/span><\/p>\n<p style=\"text-align: justify;\"><span style=\"font-weight: 400;\">&#8220;O \u00fanico tratamento hoje em dia \u00e9 a cirurgia, que envolve muita tecnologia e muita destreza m\u00e9dica, imagina operar um olho que \u00e9 min\u00fasculo, n\u00e9? Mas hoje j\u00e1 conseguimos fazer uma cirurgia r\u00e1pida e indolor. O procedimento \u00e9 indicado quando a catarata passa a interferir na vis\u00e3o do paciente. Antigamente, quando o risco cir\u00fargico era maior, se esperava a catarata ficar &#8216;madura&#8217;, mas hoje em dia \u00e9 bem diferente\u201d, diz a oftalmologista Bruna Ventura.<\/span><\/p>\n<p style=\"text-align: justify;\"><span style=\"font-weight: 400;\">O recomendado \u00e9 que desde cedo, o paciente mantenha uma rotina constante de consultas ao oftalmologista para detectar precocemente qualquer poss\u00edvel altera\u00e7\u00e3o na vis\u00e3o. <\/span><span style=\"font-weight: 400;\">A cirurgia \u00e9, de fato, a \u00fanica maneira de remover a catarata. Durante a cirurgia, sua lente natural emba\u00e7ada \u00e9 removida e substitu\u00edda por uma lente artificial transparente.<\/span><\/p>\n<p style=\"text-align: justify;\"><span style=\"font-weight: 400;\">\u201cO paciente hoje pode escolher juntamente com o seu oftalmologista as lentes que mais se adequam ao olho dele, ao seu estilo de vida, trabalho, entre outros. Ele escolhe dentre v\u00e1rias op\u00e7\u00f5es uma lente que vai durar o resto da vida dele\u201d, finaliza a oftalmologista Bruna Ventura.\u00a0<\/span><\/p>\n\n\n<figure class=\"wp-block-image size-full\"><img loading=\"lazy\" decoding=\"async\" width=\"900\" height=\"601\" src=\"https:\/\/blogdoedvaldomagalhaes.com.br\/wp-content\/uploads\/2022\/10\/IMG-20221030-WA0096.jpg\" alt=\"\" class=\"wp-image-89489\" srcset=\"https:\/\/blogdoedvaldomagalhaes.com.br\/wp-content\/uploads\/2022\/10\/IMG-20221030-WA0096.jpg 900w, https:\/\/blogdoedvaldomagalhaes.com.br\/wp-content\/uploads\/2022\/10\/IMG-20221030-WA0096-300x200.jpg 300w, https:\/\/blogdoedvaldomagalhaes.com.br\/wp-content\/uploads\/2022\/10\/IMG-20221030-WA0096-768x513.jpg 768w\" sizes=\"auto, (max-width: 900px) 100vw, 900px\" \/><\/figure>\n","protected":false},"excerpt":{"rendered":"<p>Dados do Instituto Brasileiro de Geografia e Estat\u00edstica (IBGE) apontam que 38,6% das mulheres acima dos 60 anos sofrem de&hellip;<\/p>\n","protected":false},"author":1,"featured_media":89488,"comment_status":"closed","ping_status":"open","sticky":false,"template":"","format":"standard","meta":{"footnotes":""},"categories":[14120],"tags":[2,19532,3406,25961],"class_list":["post-89487","post","type-post","status-publish","format-standard","has-post-thumbnail","hentry","category-noticias","tag-blog-do-edvaldo-magalhaes","tag-blog-mais-acessado-e-visualizado-de-caruaru-e-regiao","tag-caruaru","tag-quase-quatro-em-cada-dez-mulheres-sofrem-de-catarata-no-brasil"],"_links":{"self":[{"href":"https:\/\/blogdoedvaldomagalhaes.com.br\/index.php\/wp-json\/wp\/v2\/posts\/89487","targetHints":{"allow":["GET"]}}],"collection":[{"href":"https:\/\/blogdoedvaldomagalhaes.com.br\/index.php\/wp-json\/wp\/v2\/posts"}],"about":[{"href":"https:\/\/blogdoedvaldomagalhaes.com.br\/index.php\/wp-json\/wp\/v2\/types\/post"}],"author":[{"embeddable":true,"href":"https:\/\/blogdoedvaldomagalhaes.com.br\/index.php\/wp-json\/wp\/v2\/users\/1"}],"replies":[{"embeddable":true,"href":"https:\/\/blogdoedvaldomagalhaes.com.br\/index.php\/wp-json\/wp\/v2\/comments?post=89487"}],"version-history":[{"count":1,"href":"https:\/\/blogdoedvaldomagalhaes.com.br\/index.php\/wp-json\/wp\/v2\/posts\/89487\/revisions"}],"predecessor-version":[{"id":89490,"href":"https:\/\/blogdoedvaldomagalhaes.com.br\/index.php\/wp-json\/wp\/v2\/posts\/89487\/revisions\/89490"}],"wp:featuredmedia":[{"embeddable":true,"href":"https:\/\/blogdoedvaldomagalhaes.com.br\/index.php\/wp-json\/wp\/v2\/media\/89488"}],"wp:attachment":[{"href":"https:\/\/blogdoedvaldomagalhaes.com.br\/index.php\/wp-json\/wp\/v2\/media?parent=89487"}],"wp:term":[{"taxonomy":"category","embeddable":true,"href":"https:\/\/blogdoedvaldomagalhaes.com.br\/index.php\/wp-json\/wp\/v2\/categories?post=89487"},{"taxonomy":"post_tag","embeddable":true,"href":"https:\/\/blogdoedvaldomagalhaes.com.br\/index.php\/wp-json\/wp\/v2\/tags?post=89487"}],"curies":[{"name":"wp","href":"https:\/\/api.w.org\/{rel}","templated":true}]}}