{"id":89476,"date":"2022-10-29T12:06:29","date_gmt":"2022-10-29T15:06:29","guid":{"rendered":"https:\/\/blogdoedvaldomagalhaes.com.br\/?p=89476"},"modified":"2022-10-29T12:06:30","modified_gmt":"2022-10-29T15:06:30","slug":"profissionais-do-samu-passam-por-treinamento-em-emergencias-obstetricas","status":"publish","type":"post","link":"https:\/\/blogdoedvaldomagalhaes.com.br\/index.php\/2022\/10\/29\/profissionais-do-samu-passam-por-treinamento-em-emergencias-obstetricas\/","title":{"rendered":"Profissionais do SAMU passam por treinamento em emerg\u00eancias obst\u00e9tricas"},"content":{"rendered":"<p style=\"text-align: justify;\"><span style=\"color: initial; font-size: revert;\">De janeiro a outubro de 2022, mais 130 chamados foram realizados para o Servi\u00e7o de Atendimento M\u00f3vel de Urg\u00eancia (SAMU), solicitando atendimento emergencial para pacientes, em sua maioria, mulheres em trabalho de parto eminente. Pensando nisso, a Secretaria de Sa\u00fade de Caruaru, por meio do SAMU, da Maternidade Santa Dulce dos Pobres (MSDP) e do N\u00facleo de Educa\u00e7\u00e3o Permanente (NEP), promoveu, nesta sexta-feira (28), uma capacita\u00e7\u00e3o, que teve como tema: Manejo Cl\u00ednico em Emerg\u00eancias Obst\u00e9tricas, ministrado pelos m\u00e9dicos Paulo Gustavo Serra Seca e Patr\u00edcia Ara\u00fajo.<\/span><\/p>\n<p style=\"text-align: justify;\">\u201cO objetivo de realizar treinamentos dessa natureza \u00e9 ofertar um atendimento qualificado e humanizado \u00e0s gestantes do nosso munic\u00edpio que necessitarem de interven\u00e7\u00e3o do SAMU em qualquer uma das etapas da gesta\u00e7\u00e3o\u201d, explicou o coordenador do Samu, Pedro Henrique Gon\u00e7alves.<\/p>\n<p style=\"text-align: justify;\">Al\u00e9m desses casos, o Samu \u00e9 chamado em situa\u00e7\u00f5es de urg\u00eancias\/ emerg\u00eancias\u00a0de natureza cl\u00ednica, cir\u00fargica, traum\u00e1tica, pedi\u00e1trica, psiqui\u00e1trica, entre outras, e conta com equipes que re\u00fane m\u00e9dicos, enfermeiros, t\u00e9cnicos de enfermagem e condutores socorristas.<\/p>\n<p style=\"text-align: justify;\"><strong>Como chamar o SAMU<\/strong><br \/>O SAMU \u00e9 um servi\u00e7o gratuito, que funciona 24 horas. O paciente deve solicitar uma equipe pelo n\u00famero 192. O atendimento come\u00e7a a partir do chamado telef\u00f4nico, quando s\u00e3o prestadas orienta\u00e7\u00f5es sobre as primeiras a\u00e7\u00f5es. A liga\u00e7\u00e3o \u00e9 gratuita para telefones fixo e m\u00f3vel.\u00a0<\/p>\n<p style=\"text-align: justify;\">Os t\u00e9cnicos do atendimento telef\u00f4nico identificam a emerg\u00eancia e coletam as primeiras informa\u00e7\u00f5es sobre as v\u00edtimas e sua localiza\u00e7\u00e3o. Em seguida, as chamadas s\u00e3o direcionadas para o M\u00e9dico Regulador, que presta orienta\u00e7\u00f5es de socorro \u00e0s v\u00edtimas e aciona as ambul\u00e2ncias, quando necess\u00e1rio.<\/p>\n<p style=\"text-align: justify;\">Siga o Instagram do Blog do Edvaldo Magalh\u00e3es e se inscreva no canal do Blog no YouTube.<\/p>\n\n\n<figure class=\"wp-block-image size-large\"><img loading=\"lazy\" decoding=\"async\" width=\"1024\" height=\"768\" src=\"https:\/\/blogdoedvaldomagalhaes.com.br\/wp-content\/uploads\/2022\/10\/IMG-20221029-WA0044-1024x768.jpg\" alt=\"\" class=\"wp-image-89478\" srcset=\"https:\/\/blogdoedvaldomagalhaes.com.br\/wp-content\/uploads\/2022\/10\/IMG-20221029-WA0044-1024x768.jpg 1024w, https:\/\/blogdoedvaldomagalhaes.com.br\/wp-content\/uploads\/2022\/10\/IMG-20221029-WA0044-300x225.jpg 300w, https:\/\/blogdoedvaldomagalhaes.com.br\/wp-content\/uploads\/2022\/10\/IMG-20221029-WA0044-768x576.jpg 768w, https:\/\/blogdoedvaldomagalhaes.com.br\/wp-content\/uploads\/2022\/10\/IMG-20221029-WA0044-1536x1152.jpg 1536w, https:\/\/blogdoedvaldomagalhaes.com.br\/wp-content\/uploads\/2022\/10\/IMG-20221029-WA0044-160x120.jpg 160w, https:\/\/blogdoedvaldomagalhaes.com.br\/wp-content\/uploads\/2022\/10\/IMG-20221029-WA0044.jpg 1600w\" sizes=\"auto, (max-width: 1024px) 100vw, 1024px\" \/><figcaption>Fotos: Divulga\u00e7\u00e3o\/PMC<\/figcaption><\/figure>\n","protected":false},"excerpt":{"rendered":"<p>De janeiro a outubro de 2022, mais 130 chamados foram realizados para o Servi\u00e7o de Atendimento M\u00f3vel de Urg\u00eancia (SAMU),&hellip;<\/p>\n","protected":false},"author":1,"featured_media":89477,"comment_status":"closed","ping_status":"open","sticky":false,"template":"","format":"standard","meta":{"footnotes":""},"categories":[14120],"tags":[2,19532,3406,25958],"class_list":["post-89476","post","type-post","status-publish","format-standard","has-post-thumbnail","hentry","category-noticias","tag-blog-do-edvaldo-magalhaes","tag-blog-mais-acessado-e-visualizado-de-caruaru-e-regiao","tag-caruaru","tag-profissionais-do-samu-passam-por-treinamento-em-emergencias-obstetricas"],"_links":{"self":[{"href":"https:\/\/blogdoedvaldomagalhaes.com.br\/index.php\/wp-json\/wp\/v2\/posts\/89476","targetHints":{"allow":["GET"]}}],"collection":[{"href":"https:\/\/blogdoedvaldomagalhaes.com.br\/index.php\/wp-json\/wp\/v2\/posts"}],"about":[{"href":"https:\/\/blogdoedvaldomagalhaes.com.br\/index.php\/wp-json\/wp\/v2\/types\/post"}],"author":[{"embeddable":true,"href":"https:\/\/blogdoedvaldomagalhaes.com.br\/index.php\/wp-json\/wp\/v2\/users\/1"}],"replies":[{"embeddable":true,"href":"https:\/\/blogdoedvaldomagalhaes.com.br\/index.php\/wp-json\/wp\/v2\/comments?post=89476"}],"version-history":[{"count":1,"href":"https:\/\/blogdoedvaldomagalhaes.com.br\/index.php\/wp-json\/wp\/v2\/posts\/89476\/revisions"}],"predecessor-version":[{"id":89479,"href":"https:\/\/blogdoedvaldomagalhaes.com.br\/index.php\/wp-json\/wp\/v2\/posts\/89476\/revisions\/89479"}],"wp:featuredmedia":[{"embeddable":true,"href":"https:\/\/blogdoedvaldomagalhaes.com.br\/index.php\/wp-json\/wp\/v2\/media\/89477"}],"wp:attachment":[{"href":"https:\/\/blogdoedvaldomagalhaes.com.br\/index.php\/wp-json\/wp\/v2\/media?parent=89476"}],"wp:term":[{"taxonomy":"category","embeddable":true,"href":"https:\/\/blogdoedvaldomagalhaes.com.br\/index.php\/wp-json\/wp\/v2\/categories?post=89476"},{"taxonomy":"post_tag","embeddable":true,"href":"https:\/\/blogdoedvaldomagalhaes.com.br\/index.php\/wp-json\/wp\/v2\/tags?post=89476"}],"curies":[{"name":"wp","href":"https:\/\/api.w.org\/{rel}","templated":true}]}}