{"id":89462,"date":"2022-10-28T21:56:07","date_gmt":"2022-10-29T00:56:07","guid":{"rendered":"https:\/\/blogdoedvaldomagalhaes.com.br\/?p=89462"},"modified":"2022-10-28T22:07:13","modified_gmt":"2022-10-29T01:07:13","slug":"tony-gel-e-tonynho-rodrigues-pedem-votos-para-raquel-na-zona-rural-de-caruaru","status":"publish","type":"post","link":"https:\/\/blogdoedvaldomagalhaes.com.br\/index.php\/2022\/10\/28\/tony-gel-e-tonynho-rodrigues-pedem-votos-para-raquel-na-zona-rural-de-caruaru\/","title":{"rendered":"Tony Gel e Tonynho Rodrigues pedem votos para Raquel na zona rural de Caruaru"},"content":{"rendered":"<p style=\"text-align: justify;\"><span style=\"font-size: revert; color: initial;\">Em mais um gesto de apoio a candidatura de Raquel Lyra ao Governo do Estado, o Deputado Estadual Tony Gel e Tonynho Rodrigues estiveram na tarde desta sexta-feira 28, reunidos com amigos na zona rural de Caruaru, refor\u00e7ando o voto para a ex-prefeita da Capital do Agreste.<\/span><\/p>\n<p style=\"text-align: justify;\">Ao lado do vereador Galego de Lajes, Tony Gel e Tonynho conversaram com lideran\u00e7as comunit\u00e1rias das Vila de Lajes, Jacar\u00e9 Grande e de outras localidades, mostrando a import\u00e2ncia de Raquel Lyra ser no pr\u00f3ximo domingo 30, eleita governadora de Pernambuco.<\/p>\n<p style=\"text-align: justify;\">Tony Gel e Tonynho Rodrigues fizeram quest\u00e3o de registrar mais uma vez que al\u00e9m de ser a mais preparada, Raquel Lyra \u00e9 tamb\u00e9m a que apresenta uma maior experi\u00eancia administrativa e que com certeza far\u00e1 uma gest\u00e3o exitosa. Foto: Divulga\u00e7\u00e3o.<\/p>\n<p style=\"text-align: justify;\">Siga o Instagram do Blog do Edvaldo Magalh\u00e3es e se inscreva no canal do Blog no YouTube.<\/p>\n","protected":false},"excerpt":{"rendered":"<p>Em mais um gesto de apoio a candidatura de Raquel Lyra ao Governo do Estado, o Deputado Estadual Tony Gel&hellip;<\/p>\n","protected":false},"author":1,"featured_media":89463,"comment_status":"closed","ping_status":"open","sticky":false,"template":"","format":"standard","meta":{"footnotes":""},"categories":[14122],"tags":[2,19532,3406,19613,25954],"class_list":["post-89462","post","type-post","status-publish","format-standard","has-post-thumbnail","hentry","category-politica","tag-blog-do-edvaldo-magalhaes","tag-blog-mais-acessado-e-visualizado-de-caruaru-e-regiao","tag-caruaru","tag-eleicoes","tag-tony-gel-e-tonynho-rodrigues-pedem-votos-para-raquel-na-zona-rural-de-caruaru"],"_links":{"self":[{"href":"https:\/\/blogdoedvaldomagalhaes.com.br\/index.php\/wp-json\/wp\/v2\/posts\/89462","targetHints":{"allow":["GET"]}}],"collection":[{"href":"https:\/\/blogdoedvaldomagalhaes.com.br\/index.php\/wp-json\/wp\/v2\/posts"}],"about":[{"href":"https:\/\/blogdoedvaldomagalhaes.com.br\/index.php\/wp-json\/wp\/v2\/types\/post"}],"author":[{"embeddable":true,"href":"https:\/\/blogdoedvaldomagalhaes.com.br\/index.php\/wp-json\/wp\/v2\/users\/1"}],"replies":[{"embeddable":true,"href":"https:\/\/blogdoedvaldomagalhaes.com.br\/index.php\/wp-json\/wp\/v2\/comments?post=89462"}],"version-history":[{"count":1,"href":"https:\/\/blogdoedvaldomagalhaes.com.br\/index.php\/wp-json\/wp\/v2\/posts\/89462\/revisions"}],"predecessor-version":[{"id":89464,"href":"https:\/\/blogdoedvaldomagalhaes.com.br\/index.php\/wp-json\/wp\/v2\/posts\/89462\/revisions\/89464"}],"wp:featuredmedia":[{"embeddable":true,"href":"https:\/\/blogdoedvaldomagalhaes.com.br\/index.php\/wp-json\/wp\/v2\/media\/89463"}],"wp:attachment":[{"href":"https:\/\/blogdoedvaldomagalhaes.com.br\/index.php\/wp-json\/wp\/v2\/media?parent=89462"}],"wp:term":[{"taxonomy":"category","embeddable":true,"href":"https:\/\/blogdoedvaldomagalhaes.com.br\/index.php\/wp-json\/wp\/v2\/categories?post=89462"},{"taxonomy":"post_tag","embeddable":true,"href":"https:\/\/blogdoedvaldomagalhaes.com.br\/index.php\/wp-json\/wp\/v2\/tags?post=89462"}],"curies":[{"name":"wp","href":"https:\/\/api.w.org\/{rel}","templated":true}]}}