{"id":89459,"date":"2022-10-28T20:12:14","date_gmt":"2022-10-28T23:12:14","guid":{"rendered":"https:\/\/blogdoedvaldomagalhaes.com.br\/?p=89459"},"modified":"2022-10-28T20:12:15","modified_gmt":"2022-10-28T23:12:15","slug":"fagner-fernandes-recebe-protetor-para-discutir-regularizacao-de-ong","status":"publish","type":"post","link":"https:\/\/blogdoedvaldomagalhaes.com.br\/index.php\/2022\/10\/28\/fagner-fernandes-recebe-protetor-para-discutir-regularizacao-de-ong\/","title":{"rendered":"Fagner Fernandes recebe protetor para discutir regulariza\u00e7\u00e3o de ONG"},"content":{"rendered":"<p style=\"text-align: justify;\"><span style=\"font-size: revert; color: initial;\">Nessa quinta-feira (28), o vereador Fagner Fernandes (PDT) recebeu em seu gabinete o protetor Vandeilson Lima. Ele realiza um bonito trabalho no bairro Morada Nova com o abrigo de animais de rua S\u00e3o Francisco de Assis.<\/span><\/p>\n<p style=\"text-align: justify;\">Durante o encontro, Vandeilson pediu orienta\u00e7\u00e3o sobre como poderia transformar o local em ONG para poder receber recursos, pois essa era uma das propostas de campanha de Fagner na campanha para deputado federal. \u201cDilma \u00e9 uma amiga em comum e me apresentou o vereador, que se colocou \u00e0 disposi\u00e7\u00e3o para nos ajudar. E isso \u00e9 muito bom, pois pude entender melhor como proceder na regulariza\u00e7\u00e3o\u201d, disse o protetor.<\/p>\n<p style=\"text-align: justify;\">Para Fagner, o compromisso firmado durante a elei\u00e7\u00e3o continua v\u00e1lido. \u201cUma das minhas propostas durante a campanha era oferecer apoio jur\u00eddico \u00e0s ONGs de Pernambuco para que pudessem estar de acordo com a lei. Desta forma, \u00e9 mais f\u00e1cil que recebam recursos e doa\u00e7\u00f5es. Independente do resultado das elei\u00e7\u00f5es, meu compromisso foi firmado e estou \u00e0 disposi\u00e7\u00e3o para dar esse suporte e trocarmos experi\u00eancias. Temos muito a fazer\u201d, explicou. Foto: Divulga\u00e7\u00e3o.<\/p>\n<p style=\"text-align: justify;\">Siga o Instagram do Blog do Edvaldo Magalh\u00e3es e se inscreva no canal do Blog no YouTube.<\/p>\n","protected":false},"excerpt":{"rendered":"<p>Nessa quinta-feira (28), o vereador Fagner Fernandes (PDT) recebeu em seu gabinete o protetor Vandeilson Lima. Ele realiza um bonito&hellip;<\/p>\n","protected":false},"author":1,"featured_media":89460,"comment_status":"closed","ping_status":"open","sticky":false,"template":"","format":"standard","meta":{"footnotes":""},"categories":[14122],"tags":[2,19532,3406,25953,20],"class_list":["post-89459","post","type-post","status-publish","format-standard","has-post-thumbnail","hentry","category-politica","tag-blog-do-edvaldo-magalhaes","tag-blog-mais-acessado-e-visualizado-de-caruaru-e-regiao","tag-caruaru","tag-fagner-fernandes-recebe-protetor-para-discutir-regularizacao-de-ong","tag-politica"],"_links":{"self":[{"href":"https:\/\/blogdoedvaldomagalhaes.com.br\/index.php\/wp-json\/wp\/v2\/posts\/89459","targetHints":{"allow":["GET"]}}],"collection":[{"href":"https:\/\/blogdoedvaldomagalhaes.com.br\/index.php\/wp-json\/wp\/v2\/posts"}],"about":[{"href":"https:\/\/blogdoedvaldomagalhaes.com.br\/index.php\/wp-json\/wp\/v2\/types\/post"}],"author":[{"embeddable":true,"href":"https:\/\/blogdoedvaldomagalhaes.com.br\/index.php\/wp-json\/wp\/v2\/users\/1"}],"replies":[{"embeddable":true,"href":"https:\/\/blogdoedvaldomagalhaes.com.br\/index.php\/wp-json\/wp\/v2\/comments?post=89459"}],"version-history":[{"count":1,"href":"https:\/\/blogdoedvaldomagalhaes.com.br\/index.php\/wp-json\/wp\/v2\/posts\/89459\/revisions"}],"predecessor-version":[{"id":89461,"href":"https:\/\/blogdoedvaldomagalhaes.com.br\/index.php\/wp-json\/wp\/v2\/posts\/89459\/revisions\/89461"}],"wp:featuredmedia":[{"embeddable":true,"href":"https:\/\/blogdoedvaldomagalhaes.com.br\/index.php\/wp-json\/wp\/v2\/media\/89460"}],"wp:attachment":[{"href":"https:\/\/blogdoedvaldomagalhaes.com.br\/index.php\/wp-json\/wp\/v2\/media?parent=89459"}],"wp:term":[{"taxonomy":"category","embeddable":true,"href":"https:\/\/blogdoedvaldomagalhaes.com.br\/index.php\/wp-json\/wp\/v2\/categories?post=89459"},{"taxonomy":"post_tag","embeddable":true,"href":"https:\/\/blogdoedvaldomagalhaes.com.br\/index.php\/wp-json\/wp\/v2\/tags?post=89459"}],"curies":[{"name":"wp","href":"https:\/\/api.w.org\/{rel}","templated":true}]}}