{"id":89456,"date":"2022-10-28T19:33:03","date_gmt":"2022-10-28T22:33:03","guid":{"rendered":"https:\/\/blogdoedvaldomagalhaes.com.br\/?p=89456"},"modified":"2022-10-28T19:33:06","modified_gmt":"2022-10-28T22:33:06","slug":"anderson-correia-segue-cobrando-a-compesa-pelo-nao-cumprimento-do-cronograma-de-abastecimento","status":"publish","type":"post","link":"https:\/\/blogdoedvaldomagalhaes.com.br\/index.php\/2022\/10\/28\/anderson-correia-segue-cobrando-a-compesa-pelo-nao-cumprimento-do-cronograma-de-abastecimento\/","title":{"rendered":"Anderson Correia segue cobrando a Compesa pelo n\u00e3o cumprimento do cronograma de abastecimento"},"content":{"rendered":"<p style=\"text-align: justify;\"><span style=\"color: initial; font-size: revert;\">Paralelo \u00e0 pauta animalista, o vereador Anderson Correia (PP) segue fazendo cobran\u00e7as de forma efetiva para a Compesa, pelo n\u00e3o cumprimento do cronograma de abastecimento de \u00e1gua em diversos bairros de Caruaru. O parlamentar tem sido enf\u00e1tico em suas cobran\u00e7as, diante do descaso que a popula\u00e7\u00e3o da Capital do Agreste tem sofrido com a falta d&#8217;\u00e1gua nas torneiras, mesmo com as contas da companhia pagas e chegando todos os meses para os consumidores.<\/span><\/p>\n<p style=\"text-align: justify;\">O edil tem se posicionado sempre no plen\u00e1rio da C\u00e2mara Municipal, de forma en\u00e9rgica, al\u00e9m de enviar, constantemente, of\u00edcios cobrando explica\u00e7\u00f5es sobre as falhas do servi\u00e7o, sempre baseado na Lei n\u00b0 12.527, de 18 de novembro de 2011, no seu Artigo 5\u00ba, que garante que \u00e9 dever do Estado garantir o direito de acesso \u00e0 informa\u00e7\u00e3o, que ser\u00e1 franqueada, mediante procedimentos objetivos e \u00e1geis, de forma transparente, clara e em linguagem de f\u00e1cil compreens\u00e3o.<\/p>\n<p style=\"text-align: justify;\">&#8220;Estamos atentos ao n\u00e3o cumprimento do cronograma da Compesa, em v\u00e1rios bairros de Caruaru. Os usu\u00e1rios do servi\u00e7o p\u00fablico exigem respeito e estarei fiscalizando a empresa para que n\u00e3o haja preju\u00edzo aos usu\u00e1rios do servi\u00e7o. A Compesa precisa respeitar os princ\u00edpios da administra\u00e7\u00e3o p\u00fablica da Legalidade, Continuidade e Publicidade, Tomarei as medidas cab\u00edveis em prol dos usu\u00e1rios prejudicados. A conta chega todos os meses, mas a \u00e1gua n\u00e3o, e isso n\u00e3o pode ficar assim&#8221;, destacou Anderson. Foto: Vladimir Barreto.<\/p>\n<p style=\"text-align: justify;\">Siga o Instagram do Blog do Edvaldo Magalh\u00e3es e se inscreva no canal do Blog no YouTube.<\/p>\n","protected":false},"excerpt":{"rendered":"<p>Paralelo \u00e0 pauta animalista, o vereador Anderson Correia (PP) segue fazendo cobran\u00e7as de forma efetiva para a Compesa, pelo n\u00e3o&hellip;<\/p>\n","protected":false},"author":1,"featured_media":89457,"comment_status":"closed","ping_status":"open","sticky":false,"template":"","format":"standard","meta":{"footnotes":""},"categories":[14122],"tags":[25952,2,19532,3406,20],"class_list":["post-89456","post","type-post","status-publish","format-standard","has-post-thumbnail","hentry","category-politica","tag-anderson-correia-segue-cobrando-a-compesa-pelo-nao-cumprimento-do-cronograma-de-abastecimento","tag-blog-do-edvaldo-magalhaes","tag-blog-mais-acessado-e-visualizado-de-caruaru-e-regiao","tag-caruaru","tag-politica"],"_links":{"self":[{"href":"https:\/\/blogdoedvaldomagalhaes.com.br\/index.php\/wp-json\/wp\/v2\/posts\/89456","targetHints":{"allow":["GET"]}}],"collection":[{"href":"https:\/\/blogdoedvaldomagalhaes.com.br\/index.php\/wp-json\/wp\/v2\/posts"}],"about":[{"href":"https:\/\/blogdoedvaldomagalhaes.com.br\/index.php\/wp-json\/wp\/v2\/types\/post"}],"author":[{"embeddable":true,"href":"https:\/\/blogdoedvaldomagalhaes.com.br\/index.php\/wp-json\/wp\/v2\/users\/1"}],"replies":[{"embeddable":true,"href":"https:\/\/blogdoedvaldomagalhaes.com.br\/index.php\/wp-json\/wp\/v2\/comments?post=89456"}],"version-history":[{"count":1,"href":"https:\/\/blogdoedvaldomagalhaes.com.br\/index.php\/wp-json\/wp\/v2\/posts\/89456\/revisions"}],"predecessor-version":[{"id":89458,"href":"https:\/\/blogdoedvaldomagalhaes.com.br\/index.php\/wp-json\/wp\/v2\/posts\/89456\/revisions\/89458"}],"wp:featuredmedia":[{"embeddable":true,"href":"https:\/\/blogdoedvaldomagalhaes.com.br\/index.php\/wp-json\/wp\/v2\/media\/89457"}],"wp:attachment":[{"href":"https:\/\/blogdoedvaldomagalhaes.com.br\/index.php\/wp-json\/wp\/v2\/media?parent=89456"}],"wp:term":[{"taxonomy":"category","embeddable":true,"href":"https:\/\/blogdoedvaldomagalhaes.com.br\/index.php\/wp-json\/wp\/v2\/categories?post=89456"},{"taxonomy":"post_tag","embeddable":true,"href":"https:\/\/blogdoedvaldomagalhaes.com.br\/index.php\/wp-json\/wp\/v2\/tags?post=89456"}],"curies":[{"name":"wp","href":"https:\/\/api.w.org\/{rel}","templated":true}]}}