{"id":89453,"date":"2022-10-28T19:08:18","date_gmt":"2022-10-28T22:08:18","guid":{"rendered":"https:\/\/blogdoedvaldomagalhaes.com.br\/?p=89453"},"modified":"2022-10-28T19:08:19","modified_gmt":"2022-10-28T22:08:19","slug":"marilia-arraes-vota-no-recife-vai-ao-sertao-e-acompanha-apuracao-na-capital-de-pernambuco","status":"publish","type":"post","link":"https:\/\/blogdoedvaldomagalhaes.com.br\/index.php\/2022\/10\/28\/marilia-arraes-vota-no-recife-vai-ao-sertao-e-acompanha-apuracao-na-capital-de-pernambuco\/","title":{"rendered":"Mar\u00edlia Arraes vota no Recife, vai ao Sert\u00e3o, e acompanha apura\u00e7\u00e3o na Capital de Pernambuco"},"content":{"rendered":"<p style=\"text-align: justify;\">A candidata ao governo de Pernambuco, Mar\u00edlia Arraes (Solidariedade), vota e acompanha a apura\u00e7\u00e3o dos votos no Recife, neste domingo (30). Confira a programa\u00e7\u00e3o:<\/p>\n<p style=\"text-align: justify;\">08h \u00e0s 8h30- Mar\u00edlia acompanha a vota\u00e7\u00e3o da av\u00f3, Dona Vilma, no pr\u00e9dio do antigo col\u00e9gio da Sagrada Fam\u00edlia- Pra\u00e7a de Casa Forte;<\/p>\n<p style=\"text-align: justify;\">09h \u00e0s 9h30- Mar\u00edlia vota no pr\u00e9dio do Col\u00e9gio GGE Parnamirim- Rua Desembargador G\u00f3is Cavalcante, 460- Parnamirim;<\/p>\n<p style=\"text-align: justify;\">11h30 \u00e0s 12h- Mar\u00edlia acompanha a vota\u00e7\u00e3o de Sebasti\u00e3o Oliveira, candidato a vice-governador, em Serra Talhada, na\u00a0Faculdade de Forma\u00e7\u00e3o de Professores de Serra Talhada- Av. Afonso Magalh\u00e3es- AABB, Serra Talhada, no Sert\u00e3o de Pernambuco;<\/p>\n<p style=\"text-align: justify;\">14h \u00e0s 14h30- Mar\u00edlia acompanha a vota\u00e7\u00e3o do marido, Andr\u00e9 Cacau, em Salgueiro, no Sert\u00e3o do Estado;<\/p>\n<p style=\"text-align: justify;\">16h- Retorno para o Recife, onde acompanha a apura\u00e7\u00e3o dos votos. Foto: L\u00e9o Caldas.<\/p>\n<p style=\"text-align: justify;\">Siga o Instagram do Blog do Edvaldo Magalh\u00e3es e se inscreva no canal do Blog no YouTube.<\/p>\n","protected":false},"excerpt":{"rendered":"<p>A candidata ao governo de Pernambuco, Mar\u00edlia Arraes (Solidariedade), vota e acompanha a apura\u00e7\u00e3o dos votos no Recife, neste domingo&hellip;<\/p>\n","protected":false},"author":1,"featured_media":89454,"comment_status":"closed","ping_status":"open","sticky":false,"template":"","format":"standard","meta":{"footnotes":""},"categories":[14122],"tags":[2,19532,3406,19613,25951,20],"class_list":["post-89453","post","type-post","status-publish","format-standard","has-post-thumbnail","hentry","category-politica","tag-blog-do-edvaldo-magalhaes","tag-blog-mais-acessado-e-visualizado-de-caruaru-e-regiao","tag-caruaru","tag-eleicoes","tag-marilia-arraes-vota-no-recife-vai-ao-sertao-e-acompanha-apuracao-na-capital-de-pernambuco","tag-politica"],"_links":{"self":[{"href":"https:\/\/blogdoedvaldomagalhaes.com.br\/index.php\/wp-json\/wp\/v2\/posts\/89453","targetHints":{"allow":["GET"]}}],"collection":[{"href":"https:\/\/blogdoedvaldomagalhaes.com.br\/index.php\/wp-json\/wp\/v2\/posts"}],"about":[{"href":"https:\/\/blogdoedvaldomagalhaes.com.br\/index.php\/wp-json\/wp\/v2\/types\/post"}],"author":[{"embeddable":true,"href":"https:\/\/blogdoedvaldomagalhaes.com.br\/index.php\/wp-json\/wp\/v2\/users\/1"}],"replies":[{"embeddable":true,"href":"https:\/\/blogdoedvaldomagalhaes.com.br\/index.php\/wp-json\/wp\/v2\/comments?post=89453"}],"version-history":[{"count":1,"href":"https:\/\/blogdoedvaldomagalhaes.com.br\/index.php\/wp-json\/wp\/v2\/posts\/89453\/revisions"}],"predecessor-version":[{"id":89455,"href":"https:\/\/blogdoedvaldomagalhaes.com.br\/index.php\/wp-json\/wp\/v2\/posts\/89453\/revisions\/89455"}],"wp:featuredmedia":[{"embeddable":true,"href":"https:\/\/blogdoedvaldomagalhaes.com.br\/index.php\/wp-json\/wp\/v2\/media\/89454"}],"wp:attachment":[{"href":"https:\/\/blogdoedvaldomagalhaes.com.br\/index.php\/wp-json\/wp\/v2\/media?parent=89453"}],"wp:term":[{"taxonomy":"category","embeddable":true,"href":"https:\/\/blogdoedvaldomagalhaes.com.br\/index.php\/wp-json\/wp\/v2\/categories?post=89453"},{"taxonomy":"post_tag","embeddable":true,"href":"https:\/\/blogdoedvaldomagalhaes.com.br\/index.php\/wp-json\/wp\/v2\/tags?post=89453"}],"curies":[{"name":"wp","href":"https:\/\/api.w.org\/{rel}","templated":true}]}}