{"id":89447,"date":"2022-10-28T17:54:31","date_gmt":"2022-10-28T20:54:31","guid":{"rendered":"https:\/\/blogdoedvaldomagalhaes.com.br\/?p=89447"},"modified":"2022-10-28T17:56:01","modified_gmt":"2022-10-28T20:56:01","slug":"feira-das-capelas-em-caruaru-segue-ate-quarta-feira-02","status":"publish","type":"post","link":"https:\/\/blogdoedvaldomagalhaes.com.br\/index.php\/2022\/10\/28\/feira-das-capelas-em-caruaru-segue-ate-quarta-feira-02\/","title":{"rendered":"Feira das Capelas em Caruaru, segue at\u00e9 quarta-feira (02)"},"content":{"rendered":"<p style=\"text-align: justify;\"><span style=\"color: initial; font-size: revert;\">A Secretaria de Ordem P\u00fablica (Secop), segue organizando a \u201cFeira das Capelas\u201d, at\u00e9 a pr\u00f3xima quarta-feira (02), data voltada para o feriado de Finados.<\/span><\/p>\n<p style=\"text-align: justify;\">Funcionando no Parque 18 de maio, na Feira de Artesanato, pr\u00f3ximo ao Polo Gastron\u00f4mico, a feira oferece aos compradores variedades de itens, dentre eles, capelas, velas, rosas, flores artesanais e artificiais.<\/p>\n<p style=\"text-align: justify;\">A \u201cFeira das Capelas\u201d tem uma estrutura completa para, aproximadamente, 50 feirantes, com seguran\u00e7a e ilumina\u00e7\u00e3o, garantindo praticidade para quem gosta de prestar homenagem aos entes queridos j\u00e1 falecidos no Dia de Finados. Foto: Felipe Correia.<\/p>\n<p style=\"text-align: justify;\">Siga o Instagram do Blog do Edvaldo Magalh\u00e3es e se inscreva no canal do Blog no YouTube,<\/p>\n","protected":false},"excerpt":{"rendered":"<p>A Secretaria de Ordem P\u00fablica (Secop), segue organizando a \u201cFeira das Capelas\u201d, at\u00e9 a pr\u00f3xima quarta-feira (02), data voltada para&hellip;<\/p>\n","protected":false},"author":1,"featured_media":89448,"comment_status":"closed","ping_status":"open","sticky":false,"template":"","format":"standard","meta":{"footnotes":""},"categories":[14120],"tags":[2,19532,3406,25947],"class_list":["post-89447","post","type-post","status-publish","format-standard","has-post-thumbnail","hentry","category-noticias","tag-blog-do-edvaldo-magalhaes","tag-blog-mais-acessado-e-visualizado-de-caruaru-e-regiao","tag-caruaru","tag-feira-das-capelas-em-caruaru-segue-ate-quarta-feira-02"],"_links":{"self":[{"href":"https:\/\/blogdoedvaldomagalhaes.com.br\/index.php\/wp-json\/wp\/v2\/posts\/89447","targetHints":{"allow":["GET"]}}],"collection":[{"href":"https:\/\/blogdoedvaldomagalhaes.com.br\/index.php\/wp-json\/wp\/v2\/posts"}],"about":[{"href":"https:\/\/blogdoedvaldomagalhaes.com.br\/index.php\/wp-json\/wp\/v2\/types\/post"}],"author":[{"embeddable":true,"href":"https:\/\/blogdoedvaldomagalhaes.com.br\/index.php\/wp-json\/wp\/v2\/users\/1"}],"replies":[{"embeddable":true,"href":"https:\/\/blogdoedvaldomagalhaes.com.br\/index.php\/wp-json\/wp\/v2\/comments?post=89447"}],"version-history":[{"count":1,"href":"https:\/\/blogdoedvaldomagalhaes.com.br\/index.php\/wp-json\/wp\/v2\/posts\/89447\/revisions"}],"predecessor-version":[{"id":89449,"href":"https:\/\/blogdoedvaldomagalhaes.com.br\/index.php\/wp-json\/wp\/v2\/posts\/89447\/revisions\/89449"}],"wp:featuredmedia":[{"embeddable":true,"href":"https:\/\/blogdoedvaldomagalhaes.com.br\/index.php\/wp-json\/wp\/v2\/media\/89448"}],"wp:attachment":[{"href":"https:\/\/blogdoedvaldomagalhaes.com.br\/index.php\/wp-json\/wp\/v2\/media?parent=89447"}],"wp:term":[{"taxonomy":"category","embeddable":true,"href":"https:\/\/blogdoedvaldomagalhaes.com.br\/index.php\/wp-json\/wp\/v2\/categories?post=89447"},{"taxonomy":"post_tag","embeddable":true,"href":"https:\/\/blogdoedvaldomagalhaes.com.br\/index.php\/wp-json\/wp\/v2\/tags?post=89447"}],"curies":[{"name":"wp","href":"https:\/\/api.w.org\/{rel}","templated":true}]}}