{"id":89426,"date":"2022-10-27T19:12:27","date_gmt":"2022-10-27T22:12:27","guid":{"rendered":"https:\/\/blogdoedvaldomagalhaes.com.br\/?p=89426"},"modified":"2022-10-27T21:18:51","modified_gmt":"2022-10-28T00:18:51","slug":"galego-de-lajes-participa-da-entrega-de-titulo-de-cidadao-caruaruense-ao-desembargador-fausto-campos","status":"publish","type":"post","link":"https:\/\/blogdoedvaldomagalhaes.com.br\/index.php\/2022\/10\/27\/galego-de-lajes-participa-da-entrega-de-titulo-de-cidadao-caruaruense-ao-desembargador-fausto-campos\/","title":{"rendered":"Vereador Galego de Lajes entrega o t\u00edtulo de Cidad\u00e3o Caruaruense ao Desembargador Fausto Campos"},"content":{"rendered":"<p style=\"text-align: justify;\">Nessa quarta-feira (26), ocorreu a solenidade de entrega do t\u00edtulo de Cidad\u00e3o Caruaruense ao Desembargador Fausto Campos, autoria do vereador Leonardo Chaves, e ao ex-Desembargador Delmiro Dantas, autoria do vereador Galego de Lajes.<\/p>\n<p style=\"text-align: justify;\">&#8220;Foi uma grande honra entregar o t\u00edtulo de Cidad\u00e3o Caruaruense ao ex-Desembargador Delmiro Campos, e fazer parte deste grande momento para o Poder Legislativo. Homenagem mais que merecida&#8221;, afirmou Galego de Lajes.<span style=\"font-size: revert; color: initial;\">\u00a0<\/span><\/p>\n<p style=\"text-align: justify;\"><span style=\"font-size: revert; color: initial;\">Delmiro Dantas tamb\u00e9m recebeu a medalha de honra ao m\u00e9rito Desembargador Amaro de Lira e C\u00e9sar. Estiveram presentes o prefeito Rodrigo Pinheiro (PSDB), o deputado estadual Tony Gel (PSB), o presidente do Legislativo de Igarassu, \u00c9rica Uch\u00f4a (PTB), o empres\u00e1rio Tonynho Rodrigues, familiares e amigos dos desembargadores.<\/span><\/p>\n<p dir=\"ltr\" style=\"text-align: justify;\">Na tribuna, os desembargadores agradeceram ao Poder Legislativo pelas homenagens. \u201cPude caminhar nessa cidade em um per\u00edodo de muita calma e temperan\u00e7a, vivi tamb\u00e9m algumas agruras interessantes porque meu pai, juiz criminal, teve que ser protagonista no momento de rebeli\u00f5es no sistema prisional local e vivemos um per\u00edodo sob forte refor\u00e7o policial nas nossas vidas. Eu me lembro que eu ia escoltado para o col\u00e9gio, mas aquilo, ao contr\u00e1rio de dar medo, dava satisfa\u00e7\u00e3o de estar nessa cidade t\u00e3o acolhedora\u201d, ressaltou Delmiro.<\/p>\n<p dir=\"ltr\" style=\"text-align: justify;\">Ainda na ocasi\u00e3o, a Banda de P\u00edfanos Nossa Senhora das Gra\u00e7as, em apresenta\u00e7\u00e3o, prestou uma homenagem \u00e0 Princesa do Agreste e ap\u00f3s a cerim\u00f4nia, os convidados prestigiaram um pocket show do Trio P\u00e9 de Serra Forr\u00f3 Quent\u00e3o.<\/p>\n\n\n<figure class=\"wp-block-image size-full\"><img loading=\"lazy\" decoding=\"async\" width=\"876\" height=\"900\" src=\"https:\/\/blogdoedvaldomagalhaes.com.br\/wp-content\/uploads\/2022\/10\/IMG-20221027-WA0111.jpg\" alt=\"\" class=\"wp-image-89429\" srcset=\"https:\/\/blogdoedvaldomagalhaes.com.br\/wp-content\/uploads\/2022\/10\/IMG-20221027-WA0111.jpg 876w, https:\/\/blogdoedvaldomagalhaes.com.br\/wp-content\/uploads\/2022\/10\/IMG-20221027-WA0111-292x300.jpg 292w, https:\/\/blogdoedvaldomagalhaes.com.br\/wp-content\/uploads\/2022\/10\/IMG-20221027-WA0111-768x789.jpg 768w\" sizes=\"auto, (max-width: 876px) 100vw, 876px\" \/><figcaption>Fotos: Vladimir Barreto<\/figcaption><\/figure>\n","protected":false},"excerpt":{"rendered":"<p>Nessa quarta-feira (26), ocorreu a solenidade de entrega do t\u00edtulo de Cidad\u00e3o Caruaruense ao Desembargador Fausto Campos, autoria do vereador&hellip;<\/p>\n","protected":false},"author":1,"featured_media":89427,"comment_status":"closed","ping_status":"open","sticky":false,"template":"","format":"standard","meta":{"footnotes":""},"categories":[14122],"tags":[2,19532,3406,25942,20],"class_list":["post-89426","post","type-post","status-publish","format-standard","has-post-thumbnail","hentry","category-politica","tag-blog-do-edvaldo-magalhaes","tag-blog-mais-acessado-e-visualizado-de-caruaru-e-regiao","tag-caruaru","tag-galego-de-lajes-participa-da-entrega-de-titulo-de-cidadao-caruaruense-ao-desembargador-fausto-campos","tag-politica"],"_links":{"self":[{"href":"https:\/\/blogdoedvaldomagalhaes.com.br\/index.php\/wp-json\/wp\/v2\/posts\/89426","targetHints":{"allow":["GET"]}}],"collection":[{"href":"https:\/\/blogdoedvaldomagalhaes.com.br\/index.php\/wp-json\/wp\/v2\/posts"}],"about":[{"href":"https:\/\/blogdoedvaldomagalhaes.com.br\/index.php\/wp-json\/wp\/v2\/types\/post"}],"author":[{"embeddable":true,"href":"https:\/\/blogdoedvaldomagalhaes.com.br\/index.php\/wp-json\/wp\/v2\/users\/1"}],"replies":[{"embeddable":true,"href":"https:\/\/blogdoedvaldomagalhaes.com.br\/index.php\/wp-json\/wp\/v2\/comments?post=89426"}],"version-history":[{"count":5,"href":"https:\/\/blogdoedvaldomagalhaes.com.br\/index.php\/wp-json\/wp\/v2\/posts\/89426\/revisions"}],"predecessor-version":[{"id":89436,"href":"https:\/\/blogdoedvaldomagalhaes.com.br\/index.php\/wp-json\/wp\/v2\/posts\/89426\/revisions\/89436"}],"wp:featuredmedia":[{"embeddable":true,"href":"https:\/\/blogdoedvaldomagalhaes.com.br\/index.php\/wp-json\/wp\/v2\/media\/89427"}],"wp:attachment":[{"href":"https:\/\/blogdoedvaldomagalhaes.com.br\/index.php\/wp-json\/wp\/v2\/media?parent=89426"}],"wp:term":[{"taxonomy":"category","embeddable":true,"href":"https:\/\/blogdoedvaldomagalhaes.com.br\/index.php\/wp-json\/wp\/v2\/categories?post=89426"},{"taxonomy":"post_tag","embeddable":true,"href":"https:\/\/blogdoedvaldomagalhaes.com.br\/index.php\/wp-json\/wp\/v2\/tags?post=89426"}],"curies":[{"name":"wp","href":"https:\/\/api.w.org\/{rel}","templated":true}]}}