{"id":89423,"date":"2022-10-27T17:17:54","date_gmt":"2022-10-27T20:17:54","guid":{"rendered":"https:\/\/blogdoedvaldomagalhaes.com.br\/?p=89423"},"modified":"2022-10-27T17:17:56","modified_gmt":"2022-10-27T20:17:56","slug":"prefeitura-de-caruaru-antecipa-para-esta-sexta-28-o-pagamento-do-salario-de-outubro-para-servidores","status":"publish","type":"post","link":"https:\/\/blogdoedvaldomagalhaes.com.br\/index.php\/2022\/10\/27\/prefeitura-de-caruaru-antecipa-para-esta-sexta-28-o-pagamento-do-salario-de-outubro-para-servidores\/","title":{"rendered":"Prefeitura de Caruaru antecipa para esta sexta (28) o pagamento do sal\u00e1rio de outubro para servidores"},"content":{"rendered":"<p style=\"text-align: justify;\"><span style=\"color: initial; font-size: revert;\">O prefeito de Caruaru, Rodrigo Pinheiro, anunciou atrav\u00e9s de v\u00eddeo nas redes sociais, nesta quinta-feira (27), a antecipa\u00e7\u00e3o do pagamento do sal\u00e1rio de outubro dos servidores municipais para esta sexta (28). A medida \u00e9 para marcar o Dia do Servidor P\u00fablico, celebrado no dia 28 deste m\u00eas, e inclui os aposentados e pensionistas do Instituto de Previd\u00eancia dos Servidores Municipais de Caruaru (CaruaruPrev).<\/span><\/p>\n<p style=\"text-align: justify;\">&#8220;A comemora\u00e7\u00e3o e o feriado ficar\u00e3o para a pr\u00f3xima semana, dia quatro de novembro, mas vamos fazer esse gesto de amanh\u00e3 os servidores j\u00e1 amanheceram com o sal\u00e1rio de outubro na conta. Obrigado a todos os servidores pelo empenho de voc\u00eas, que est\u00e3o fazendo de Caruaru uma cidade cada vez melhor&#8221;, destacou o prefeito na publica\u00e7\u00e3o.<\/p>\n<p style=\"text-align: justify;\"><strong>Ponto facultativo adiado<\/strong><\/p>\n<p style=\"text-align: justify;\">A exemplo de outras cidades brasileiras, o Dia do Servidor P\u00fablico, em Caruaru, n\u00e3o ser\u00e1 ponto facultativo nesta sexta (28), quando a data \u00e9 celebrada nacionalmente. Na \u2018Capital do Agreste\u2019, o ponto facultativo ser\u00e1 adiado para o dia quatro de novembro, com o intuito de n\u00e3o aumentar o \u00edndice de absten\u00e7\u00f5es na vota\u00e7\u00e3o do segundo turno das elei\u00e7\u00f5es, que ser\u00e1 no pr\u00f3ximo domingo (30).<\/p>\n<p style=\"text-align: justify;\">Apesar de n\u00e3o ser feriado, alguns estados e munic\u00edpios costumam dar ponto facultativo no dia 28 de outubro para os servidores e suspender o atendimento nas reparti\u00e7\u00f5es p\u00fablicas, exceto os servi\u00e7os essenciais. Foto: Divulga\u00e7\u00e3o.<\/p>\n<p style=\"text-align: justify;\">Siga o Instagram do Blog do Edvaldo Magalh\u00e3es e se inscreva no canal do Blog no YouTube.<\/p>\n","protected":false},"excerpt":{"rendered":"<p>O prefeito de Caruaru, Rodrigo Pinheiro, anunciou atrav\u00e9s de v\u00eddeo nas redes sociais, nesta quinta-feira (27), a antecipa\u00e7\u00e3o do pagamento&hellip;<\/p>\n","protected":false},"author":1,"featured_media":89424,"comment_status":"closed","ping_status":"open","sticky":false,"template":"","format":"standard","meta":{"footnotes":""},"categories":[14120],"tags":[2,19532,3406,25941,1766],"class_list":["post-89423","post","type-post","status-publish","format-standard","has-post-thumbnail","hentry","category-noticias","tag-blog-do-edvaldo-magalhaes","tag-blog-mais-acessado-e-visualizado-de-caruaru-e-regiao","tag-caruaru","tag-prefeitura-de-caruaru-antecipa-para-esta-sexta-28-o-pagamento-do-salario-de-outubro-para-servidores","tag-rodrigo-pinheiro"],"_links":{"self":[{"href":"https:\/\/blogdoedvaldomagalhaes.com.br\/index.php\/wp-json\/wp\/v2\/posts\/89423","targetHints":{"allow":["GET"]}}],"collection":[{"href":"https:\/\/blogdoedvaldomagalhaes.com.br\/index.php\/wp-json\/wp\/v2\/posts"}],"about":[{"href":"https:\/\/blogdoedvaldomagalhaes.com.br\/index.php\/wp-json\/wp\/v2\/types\/post"}],"author":[{"embeddable":true,"href":"https:\/\/blogdoedvaldomagalhaes.com.br\/index.php\/wp-json\/wp\/v2\/users\/1"}],"replies":[{"embeddable":true,"href":"https:\/\/blogdoedvaldomagalhaes.com.br\/index.php\/wp-json\/wp\/v2\/comments?post=89423"}],"version-history":[{"count":1,"href":"https:\/\/blogdoedvaldomagalhaes.com.br\/index.php\/wp-json\/wp\/v2\/posts\/89423\/revisions"}],"predecessor-version":[{"id":89425,"href":"https:\/\/blogdoedvaldomagalhaes.com.br\/index.php\/wp-json\/wp\/v2\/posts\/89423\/revisions\/89425"}],"wp:featuredmedia":[{"embeddable":true,"href":"https:\/\/blogdoedvaldomagalhaes.com.br\/index.php\/wp-json\/wp\/v2\/media\/89424"}],"wp:attachment":[{"href":"https:\/\/blogdoedvaldomagalhaes.com.br\/index.php\/wp-json\/wp\/v2\/media?parent=89423"}],"wp:term":[{"taxonomy":"category","embeddable":true,"href":"https:\/\/blogdoedvaldomagalhaes.com.br\/index.php\/wp-json\/wp\/v2\/categories?post=89423"},{"taxonomy":"post_tag","embeddable":true,"href":"https:\/\/blogdoedvaldomagalhaes.com.br\/index.php\/wp-json\/wp\/v2\/tags?post=89423"}],"curies":[{"name":"wp","href":"https:\/\/api.w.org\/{rel}","templated":true}]}}