{"id":89420,"date":"2022-10-27T16:56:38","date_gmt":"2022-10-27T19:56:38","guid":{"rendered":"https:\/\/blogdoedvaldomagalhaes.com.br\/?p=89420"},"modified":"2022-10-27T16:56:40","modified_gmt":"2022-10-27T19:56:40","slug":"raquel-lyra-esteve-com-miguel-coelho-chaparral-e-flavio-nobrega-pelas-ruas-de-surubim","status":"publish","type":"post","link":"https:\/\/blogdoedvaldomagalhaes.com.br\/index.php\/2022\/10\/27\/raquel-lyra-esteve-com-miguel-coelho-chaparral-e-flavio-nobrega-pelas-ruas-de-surubim\/","title":{"rendered":"Raquel Lyra esteve com Miguel Coelho, Chaparral e Fl\u00e1vio N\u00f3brega pelas ruas de Surubim"},"content":{"rendered":"<p style=\"text-align: justify;\"><span style=\"font-size: revert; color: initial;\">Raquel Lyra (PSDB) concluiu a agenda desta quarta (26) reunindo uma multid\u00e3o em Surubim, no Agreste, destacando seu compromisso de unir o estado. \u201cVamos construir juntos. Eu chamo voc\u00eas para fazer comigo um tempo novo. Para cada mentira da candidata oposta, um gesto de amor, uma proposta que vai mudar a vida do povo. N\u00e3o precisamos pensar igual, mas precisamos ter o \u00fanico desejo de fazer diferente por Pernambuco\u201d, afirmou, ao lado de lideran\u00e7as de todo estado.<\/span><\/p>\n<p style=\"text-align: justify;\">Raquel tamb\u00e9m falou sobre seus compromissos com a regi\u00e3o. \u201cTemos a oportunidade de mudar, de eleger a primeira mulher governadora. Sou desse ch\u00e3o do Agreste. \u00c9 daqui, que sem olhar os obst\u00e1culos, as pessoas seguem em frente\u201d, frisou.<\/p>\n<p style=\"text-align: justify;\">O ex-prefeito de Petrolina, Miguel Coelho, disse mais uma vez que est\u00e1 ao lado da candidata. \u201cRaquel sabe das dificuldades sofridas pelo Agreste, das promessas n\u00e3o cumpridas, da \u00e1gua que n\u00e3o chega na torneira, das estradas, da sa\u00fade que n\u00e3o chegou no povo. Tem uma not\u00edcia boa chegando. Raquel Lyra tem compet\u00eancia, experi\u00eancia e ser\u00e1 a melhor governadora de Pernambuco\u201d, acrescentou.<\/p>\n<p style=\"text-align: justify;\">\u201cRaquel representa a verdadeira mudan\u00e7a. Agora o povo se une em torno de um projeto para Pernambuco. Vamos levar a mensagem de Raquel, virar votos, fazer campanha na internet e ganhar as elei\u00e7\u00f5es domingo quando abrir as urnas\u201d, concluiu o deputado eleito, Cleber Chaparral (UB). Foto: Divulga\u00e7\u00e3o.<\/p>\n<p style=\"text-align: justify;\">Se inscreva no canal do Blog do Edvaldo Magalh\u00e3es no YouTube e siga no Instagram.<\/p>\n","protected":false},"excerpt":{"rendered":"<p>Raquel Lyra (PSDB) concluiu a agenda desta quarta (26) reunindo uma multid\u00e3o em Surubim, no Agreste, destacando seu compromisso de&hellip;<\/p>\n","protected":false},"author":1,"featured_media":89421,"comment_status":"closed","ping_status":"open","sticky":false,"template":"","format":"standard","meta":{"footnotes":""},"categories":[14122],"tags":[13362,2,19532,3406,19613,20,25940],"class_list":["post-89420","post","type-post","status-publish","format-standard","has-post-thumbnail","hentry","category-politica","tag-agreste-setentrional","tag-blog-do-edvaldo-magalhaes","tag-blog-mais-acessado-e-visualizado-de-caruaru-e-regiao","tag-caruaru","tag-eleicoes","tag-politica","tag-raquel-lyra-esteve-com-miguel-coelho-chaparral-e-flavio-nobrega-pelas-ruas-de-surubim"],"_links":{"self":[{"href":"https:\/\/blogdoedvaldomagalhaes.com.br\/index.php\/wp-json\/wp\/v2\/posts\/89420","targetHints":{"allow":["GET"]}}],"collection":[{"href":"https:\/\/blogdoedvaldomagalhaes.com.br\/index.php\/wp-json\/wp\/v2\/posts"}],"about":[{"href":"https:\/\/blogdoedvaldomagalhaes.com.br\/index.php\/wp-json\/wp\/v2\/types\/post"}],"author":[{"embeddable":true,"href":"https:\/\/blogdoedvaldomagalhaes.com.br\/index.php\/wp-json\/wp\/v2\/users\/1"}],"replies":[{"embeddable":true,"href":"https:\/\/blogdoedvaldomagalhaes.com.br\/index.php\/wp-json\/wp\/v2\/comments?post=89420"}],"version-history":[{"count":1,"href":"https:\/\/blogdoedvaldomagalhaes.com.br\/index.php\/wp-json\/wp\/v2\/posts\/89420\/revisions"}],"predecessor-version":[{"id":89422,"href":"https:\/\/blogdoedvaldomagalhaes.com.br\/index.php\/wp-json\/wp\/v2\/posts\/89420\/revisions\/89422"}],"wp:featuredmedia":[{"embeddable":true,"href":"https:\/\/blogdoedvaldomagalhaes.com.br\/index.php\/wp-json\/wp\/v2\/media\/89421"}],"wp:attachment":[{"href":"https:\/\/blogdoedvaldomagalhaes.com.br\/index.php\/wp-json\/wp\/v2\/media?parent=89420"}],"wp:term":[{"taxonomy":"category","embeddable":true,"href":"https:\/\/blogdoedvaldomagalhaes.com.br\/index.php\/wp-json\/wp\/v2\/categories?post=89420"},{"taxonomy":"post_tag","embeddable":true,"href":"https:\/\/blogdoedvaldomagalhaes.com.br\/index.php\/wp-json\/wp\/v2\/tags?post=89420"}],"curies":[{"name":"wp","href":"https:\/\/api.w.org\/{rel}","templated":true}]}}