{"id":89418,"date":"2022-10-27T16:31:14","date_gmt":"2022-10-27T19:31:14","guid":{"rendered":"https:\/\/blogdoedvaldomagalhaes.com.br\/?p=89418"},"modified":"2022-10-27T16:31:16","modified_gmt":"2022-10-27T19:31:16","slug":"justica-eleitoral-nega-direito-de-resposta-a-raquel-na-propaganda-de-marilia","status":"publish","type":"post","link":"https:\/\/blogdoedvaldomagalhaes.com.br\/index.php\/2022\/10\/27\/justica-eleitoral-nega-direito-de-resposta-a-raquel-na-propaganda-de-marilia\/","title":{"rendered":"Justi\u00e7a Eleitoral nega direito de resposta a Raquel, na propaganda de Mar\u00edlia"},"content":{"rendered":"<p style=\"text-align: justify;\"><span style=\"font-size: revert; color: initial;\">A desembargadora Virg\u00ednia Gondim Dantas negou pedido de direito de resposta dos advogados de Raquel contra uma inser\u00e7\u00e3o da coliga\u00e7\u00e3o PERNAMBUCO NA VEIA, que mostra as liga\u00e7\u00f5es entre a tucana e a empresa de \u00f4nibus Logo, que pertence a seu pai, o ex-governador Jo\u00e3o Lyra.<\/span><\/p>\n<p style=\"text-align: justify;\">Na decis\u00e3o, a desembargadora aponta que n\u00e3o v\u00ea motivos para conceder o direito de resposta porque n\u00e3o h\u00e1 \u201cconte\u00fado calunioso, difamat\u00f3rio ou injurioso em desfavor da candidata Raquel Lyra a ensejar o direito de resposta requerido pelos autores. A pe\u00e7a publicit\u00e1ria proferiu uma cr\u00edtica ao dom\u00ednio das linhas intermunicipais do estado pelas empresas Progresso e Logo e proferiu uma opini\u00e3o \u00e1cida ao afirmar que quem paga pela falta de concorr\u00eancia \u00e9 o povo ou at\u00e9 mesmo que a candidata Raquel Lyra n\u00e3o governa para os mais pobres\u201d.<\/p>\n<p style=\"text-align: justify;\">Al\u00e9m disso, ainda segundo a desembargadora Virg\u00ednia Gondim Dantas, \u201cdeve-se sempre ter em mente que qualquer pessoa, ao lan\u00e7ar sua candidatura, tem diminu\u00edda sua prote\u00e7\u00e3o \u00e0 imagem, na medida em que aumenta sua exposi\u00e7\u00e3o e se acirra a disputa por cargo pol\u00edtico, diferentemente do cidad\u00e3o comum\u201d.<\/p>\n<p style=\"text-align: justify;\">Na propaganda, tamb\u00e9m complementa a magistrada ao rejeitar a tese de informa\u00e7\u00e3o enganosa, \u201ctodas informa\u00e7\u00f5es postas s\u00e3o de mat\u00e9rias jornal\u00edsticas divulgadas em portais de not\u00edcias do estado de Pernambuco e, nesse sentido, \u00e9 pac\u00edfico na jurisprud\u00eancia desta Justi\u00e7a Eleitoral o entendimento de que not\u00edcias veiculadas na m\u00eddia n\u00e3o configuraram fatos sabidamente inver\u00eddicos a autorizar a concess\u00e3o do direito de resposta\u201d.<\/p>\n","protected":false},"excerpt":{"rendered":"<p>A desembargadora Virg\u00ednia Gondim Dantas negou pedido de direito de resposta dos advogados de Raquel contra uma inser\u00e7\u00e3o da coliga\u00e7\u00e3o&hellip;<\/p>\n","protected":false},"author":1,"featured_media":89308,"comment_status":"closed","ping_status":"open","sticky":false,"template":"","format":"standard","meta":{"footnotes":""},"categories":[14122],"tags":[2,19532,3406,19613,25939],"class_list":["post-89418","post","type-post","status-publish","format-standard","has-post-thumbnail","hentry","category-politica","tag-blog-do-edvaldo-magalhaes","tag-blog-mais-acessado-e-visualizado-de-caruaru-e-regiao","tag-caruaru","tag-eleicoes","tag-justica-eleitoral-nega-direito-de-resposta-a-raquel-na-propaganda-de-marilia"],"_links":{"self":[{"href":"https:\/\/blogdoedvaldomagalhaes.com.br\/index.php\/wp-json\/wp\/v2\/posts\/89418","targetHints":{"allow":["GET"]}}],"collection":[{"href":"https:\/\/blogdoedvaldomagalhaes.com.br\/index.php\/wp-json\/wp\/v2\/posts"}],"about":[{"href":"https:\/\/blogdoedvaldomagalhaes.com.br\/index.php\/wp-json\/wp\/v2\/types\/post"}],"author":[{"embeddable":true,"href":"https:\/\/blogdoedvaldomagalhaes.com.br\/index.php\/wp-json\/wp\/v2\/users\/1"}],"replies":[{"embeddable":true,"href":"https:\/\/blogdoedvaldomagalhaes.com.br\/index.php\/wp-json\/wp\/v2\/comments?post=89418"}],"version-history":[{"count":1,"href":"https:\/\/blogdoedvaldomagalhaes.com.br\/index.php\/wp-json\/wp\/v2\/posts\/89418\/revisions"}],"predecessor-version":[{"id":89419,"href":"https:\/\/blogdoedvaldomagalhaes.com.br\/index.php\/wp-json\/wp\/v2\/posts\/89418\/revisions\/89419"}],"wp:featuredmedia":[{"embeddable":true,"href":"https:\/\/blogdoedvaldomagalhaes.com.br\/index.php\/wp-json\/wp\/v2\/media\/89308"}],"wp:attachment":[{"href":"https:\/\/blogdoedvaldomagalhaes.com.br\/index.php\/wp-json\/wp\/v2\/media?parent=89418"}],"wp:term":[{"taxonomy":"category","embeddable":true,"href":"https:\/\/blogdoedvaldomagalhaes.com.br\/index.php\/wp-json\/wp\/v2\/categories?post=89418"},{"taxonomy":"post_tag","embeddable":true,"href":"https:\/\/blogdoedvaldomagalhaes.com.br\/index.php\/wp-json\/wp\/v2\/tags?post=89418"}],"curies":[{"name":"wp","href":"https:\/\/api.w.org\/{rel}","templated":true}]}}