{"id":89408,"date":"2022-10-26T21:17:20","date_gmt":"2022-10-27T00:17:20","guid":{"rendered":"https:\/\/blogdoedvaldomagalhaes.com.br\/?p=89408"},"modified":"2022-10-26T21:17:23","modified_gmt":"2022-10-27T00:17:23","slug":"fenasp-traz-padre-kelmon-a-caruaru-para-discutir-a-uniao-dos-cristaos-em-defesa-do-brasil","status":"publish","type":"post","link":"https:\/\/blogdoedvaldomagalhaes.com.br\/index.php\/2022\/10\/26\/fenasp-traz-padre-kelmon-a-caruaru-para-discutir-a-uniao-dos-cristaos-em-defesa-do-brasil\/","title":{"rendered":"Fenasp traz Padre Kelmon \u00e0 Caruaru para discutir a uni\u00e3o dos crist\u00e3os em defesa do Brasil"},"content":{"rendered":"<p style=\"text-align: justify;\"><span style=\"font-size: revert; color: initial;\">O F\u00f3rum Evang\u00e9lico Nacional de A\u00e7\u00e3o Social e Pol\u00edtica (Fenasp) e o Movimento Crist\u00e3o Conservador (MCC) realizam, nesta sexta-feira (28), \u00e0s 18h30, em Caruaru, um encontro para tratar a Uni\u00e3o dos Crist\u00e3os em Defesa do Brasil. O evento contar\u00e1 com a presen\u00e7a do padre Kelmon, candidato a presidente nas \u00faltimas elei\u00e7\u00f5es, do pastor Luiz Cl\u00e1udio Gamonal, candidato a vice na mesma chapa, e do venezuelano Roderick Navarro, perseguido pelo governo de Maduro. O encontro ser\u00e1 gratuito e ocorrer\u00e1 na Igreja Assembleia de Deus Vit\u00f3ria em Cristo da Av. Visconde de Inha\u00fama, 755, Maur\u00edcio de Nassau, Caruaru. Mais informa\u00e7\u00f5es (81) 9.8149-0598, (81) 9.8662-4266 e (87) 9.9245-5636.<\/span><\/p>\n<p style=\"text-align: justify;\">O objetivo do evento \u00e9 esclarecer os crist\u00e3os, de todas as denomina\u00e7\u00f5es religiosas, sobre a import\u00e2ncia da uni\u00e3o de todos para garantir um pa\u00eds livre para exercer a f\u00e9, os valores religiosos, proteger a democracia e permitir o desenvolvimento econ\u00f4mico. \u201cEsse \u00e9 um momento crucial para nosso pa\u00eds, por isso n\u00f3s crist\u00e3os, evang\u00e9licos e cat\u00f3licos, n\u00e3o podemos nos omitir. Apenas essa uni\u00e3o poder\u00e1 fazer a diferen\u00e7a, pois o perigo \u00e9 real\u201d, afirma o pastor Pedro Rodrigues, da diretoria de expens\u00e3o do Fenasp.<\/p>\n<p style=\"text-align: justify;\">E, para demonstrar a import\u00e2ncia dessa uni\u00e3o, o Fenasp\/PE resolveu trazer o padre Kelmon e o pastor Luiz Cl\u00e1udio Gamonal, candidatos a presidente e vice nas \u00faltimas elei\u00e7\u00f5es, para relatar suas experi\u00eancias e como foram atacados por defender os valores crist\u00e3os no pleito. O venezuelano Roderick Navarro completa o quadro de palestrantes contando como foi viver sob um regime ditatorial, onde n\u00e3o \u00e9 poss\u00edvel expor opini\u00f5es contr\u00e1rias \u00e0quelas defendidas pelo governo, e os impactos da ado\u00e7\u00e3o de pr\u00e1ticas socialistas para a economia de um pa\u00eds.<\/p>\n<p style=\"text-align: justify;\">Caruaru \u00e9 o terceiro ponto de parada dos palestrantes, que iniciam o ciclo de palestras em Petrolina, na quinta (27), \u00e0s 20h, na Igreja Tribo de Gade, e ap\u00f3s uma breve passagem pela capital pernambucana, onde se reunem com lideran\u00e7as religiosas e empresariais em um almo\u00e7o fechado, na sexta-feira (28), no restaurante Sal e Brasa, da Av. Recife, de l\u00e1 seguem para Caruaru. Um caf\u00e9 da manh\u00e3 aberto ao p\u00fablico ser\u00e1 realizado, em Recife, em local que est\u00e1 sendo definido, encerrando a programa\u00e7\u00e3o no Estado.<\/p>\n<p style=\"text-align: left;\"><strong>Entidades apoiadoras<\/strong> &#8211; Apoiam o evento o F\u00f3rum dos Conservadores do Nordeste, Pr\u00f3-Vida, Alian\u00e7a por Pernambuco, Unidade Pernambuco, Endireita Pernambuco, Movimento N\u00e3o vou pagar, Grupo Brasil Conversador B-38, #Nas Ruas, Uni\u00e3o dos Pastores Evang\u00e9licos de Petrolina e Regi\u00e3o (Upeper), Conselho de Pastores de Juazeiro (Copaj), Movimento Cidade Global e Conven\u00e7\u00e3o de Ministros Evang\u00e9licos de Pernambuco (CMEPE). Foto: Divulga\u00e7\u00e3o.<\/p>\n<p style=\"text-align: justify;\">Siga o Instagram do Blog do Edvaldo Magalh\u00e3es e se inscreva no canal do Blog no YouTube.<\/p>\n","protected":false},"excerpt":{"rendered":"<p>O F\u00f3rum Evang\u00e9lico Nacional de A\u00e7\u00e3o Social e Pol\u00edtica (Fenasp) e o Movimento Crist\u00e3o Conservador (MCC) realizam, nesta sexta-feira (28),&hellip;<\/p>\n","protected":false},"author":1,"featured_media":89409,"comment_status":"closed","ping_status":"open","sticky":false,"template":"","format":"standard","meta":{"footnotes":""},"categories":[1],"tags":[2,19532,3406,25937],"class_list":["post-89408","post","type-post","status-publish","format-standard","has-post-thumbnail","hentry","category-sem-categoria","tag-blog-do-edvaldo-magalhaes","tag-blog-mais-acessado-e-visualizado-de-caruaru-e-regiao","tag-caruaru","tag-fenasp-traz-padre-kelmon-a-caruaru-para-discutir-a-uniao-dos-cristaos-em-defesa-do-brasil"],"_links":{"self":[{"href":"https:\/\/blogdoedvaldomagalhaes.com.br\/index.php\/wp-json\/wp\/v2\/posts\/89408","targetHints":{"allow":["GET"]}}],"collection":[{"href":"https:\/\/blogdoedvaldomagalhaes.com.br\/index.php\/wp-json\/wp\/v2\/posts"}],"about":[{"href":"https:\/\/blogdoedvaldomagalhaes.com.br\/index.php\/wp-json\/wp\/v2\/types\/post"}],"author":[{"embeddable":true,"href":"https:\/\/blogdoedvaldomagalhaes.com.br\/index.php\/wp-json\/wp\/v2\/users\/1"}],"replies":[{"embeddable":true,"href":"https:\/\/blogdoedvaldomagalhaes.com.br\/index.php\/wp-json\/wp\/v2\/comments?post=89408"}],"version-history":[{"count":1,"href":"https:\/\/blogdoedvaldomagalhaes.com.br\/index.php\/wp-json\/wp\/v2\/posts\/89408\/revisions"}],"predecessor-version":[{"id":89410,"href":"https:\/\/blogdoedvaldomagalhaes.com.br\/index.php\/wp-json\/wp\/v2\/posts\/89408\/revisions\/89410"}],"wp:featuredmedia":[{"embeddable":true,"href":"https:\/\/blogdoedvaldomagalhaes.com.br\/index.php\/wp-json\/wp\/v2\/media\/89409"}],"wp:attachment":[{"href":"https:\/\/blogdoedvaldomagalhaes.com.br\/index.php\/wp-json\/wp\/v2\/media?parent=89408"}],"wp:term":[{"taxonomy":"category","embeddable":true,"href":"https:\/\/blogdoedvaldomagalhaes.com.br\/index.php\/wp-json\/wp\/v2\/categories?post=89408"},{"taxonomy":"post_tag","embeddable":true,"href":"https:\/\/blogdoedvaldomagalhaes.com.br\/index.php\/wp-json\/wp\/v2\/tags?post=89408"}],"curies":[{"name":"wp","href":"https:\/\/api.w.org\/{rel}","templated":true}]}}