{"id":89402,"date":"2022-10-26T20:53:33","date_gmt":"2022-10-26T23:53:33","guid":{"rendered":"https:\/\/blogdoedvaldomagalhaes.com.br\/?p=89402"},"modified":"2022-10-26T21:02:53","modified_gmt":"2022-10-27T00:02:53","slug":"raquel-lyra-pernambuco-e-minha-bandeira-e-o-meu-pais","status":"publish","type":"post","link":"https:\/\/blogdoedvaldomagalhaes.com.br\/index.php\/2022\/10\/26\/raquel-lyra-pernambuco-e-minha-bandeira-e-o-meu-pais\/","title":{"rendered":"Raquel Lyra: \u201cPernambuco \u00e9 minha bandeira, \u00e9 o meu pa\u00eds&#8221;"},"content":{"rendered":"<p style=\"text-align: justify;\"><span style=\"font-size: revert; color: initial;\">A cinco dias do segundo turno que vai eleger a primeira governadora de Pernambuco, a candidata Raquel Lyra (PSDB) e sua vice Priscila Krause (Cidadania) cumpriram agenda no Cabo de Santo Agostinho e em Ipojuca, no Litoral Sul, onde participaram de caminhada ao lado de aliados e receberam o apoio da multid\u00e3o que acompanhava. \u201cPernambuco \u00e9 minha bandeira, \u00e9 o meu pa\u00eds\u201d, cravou.<\/span><\/p>\n<p style=\"text-align: justify;\">No Cabo, a caminhada percorreu o Bairro de Pontezinha. \u201cNingu\u00e9m faz nada sozinho e essa demonstra\u00e7\u00e3o de uni\u00e3o \u00e9 a que acontece em Pernambuco, que n\u00e3o quer mais se dividir. Somos um povo s\u00f3, um povo trabalhador. Queremos que nossa terra n\u00e3o seja uma terra de viol\u00eancia. Vamos combater a criminalidade com repress\u00e3o, mas, sobretudo, com preven\u00e7\u00e3o social. Vamos virar o jogo. Tem que ser bom para o nosso povo, para ser bom para os turistas\u201d, acrescentou Raquel, ao assumir o compromisso de liderar, ao lado dos prefeitos, um projeto de desenvolvimento para a Regi\u00e3o Metropolitana do Recife.<\/p>\n<p style=\"text-align: justify;\">\u201cO povo j\u00e1 entendeu qual \u00e9 o palanque da verdade e das melhores propostas. No pr\u00f3ximo domingo, e eleger uma governadora comprometida e competente. Tenho certeza de que o Cabo, que \u00e9 uma cidade estrat\u00e9gica, vai crescer na gest\u00e3o de Raquel\u201d, afirmou o prefeito do Cabo, Keko do Armaz\u00e9m.<\/p>\n<p style=\"text-align: justify;\">J\u00e1 em Ipojuca, no final da caminhada que tomou as ruas do centro, a prefeita C\u00e9lia Sales pediu um olhar especial para a sua cidade. \u201cIpojuca tem sofrido muito, precisamos de uma governadora que est\u00e1 ao nosso lado. Precisamos consertar esse estado, voltar a atrair novas empresas para Suape, t\u00e3o importante para gerar emprego na nossa regi\u00e3o\u201d, enfatizou. \u201cPernambuco precisa olhar para Ipojuca com a altura que nosso povo precisa. H\u00e1 16 anos o PSB vem prometendo e nada faz pela popula\u00e7\u00e3o e pelo acesso dos nossos turistas. Chegou a hora da verdadeira mudan\u00e7a\u201d, completou o deputado estadual Romero Sales Filho.<\/p>\n<p style=\"text-align: justify;\">\u201cVamos inaugurar um tempo novo em Pernambuco. Precisamos unir Pernambuco em torno de um projeto de esperan\u00e7a, de futuro, de dias melhores\u201d, frisou Priscila Krause.<\/p>\n<p style=\"text-align: justify;\">\u201cPernambuco decidiu que quer mudan\u00e7a, ir por um caminho que n\u00e3o tem compromisso com os erros do passado. Para cada mentira, temos um gesto de amor, uma proposta que vai mudar o nosso estado\u201d, concluiu Raquel. Foto<span style=\"font-size: revert; color: initial;\">: Jana\u00edna Pepeu.<\/span><\/p>\n<p style=\"text-align: justify;\">Siga o Instagram do Blog do Edvaldo Magalh\u00e3es e se inscreva no canal do Blog no YouTube.<\/p>\n","protected":false},"excerpt":{"rendered":"<p>A cinco dias do segundo turno que vai eleger a primeira governadora de Pernambuco, a candidata Raquel Lyra (PSDB) e&hellip;<\/p>\n","protected":false},"author":1,"featured_media":89403,"comment_status":"closed","ping_status":"open","sticky":false,"template":"","format":"standard","meta":{"footnotes":""},"categories":[14122],"tags":[2,19532,3406,19613,25936],"class_list":["post-89402","post","type-post","status-publish","format-standard","has-post-thumbnail","hentry","category-politica","tag-blog-do-edvaldo-magalhaes","tag-blog-mais-acessado-e-visualizado-de-caruaru-e-regiao","tag-caruaru","tag-eleicoes","tag-raquel-lyra-pernambuco-e-minha-bandeira-e-o-meu-pais"],"_links":{"self":[{"href":"https:\/\/blogdoedvaldomagalhaes.com.br\/index.php\/wp-json\/wp\/v2\/posts\/89402","targetHints":{"allow":["GET"]}}],"collection":[{"href":"https:\/\/blogdoedvaldomagalhaes.com.br\/index.php\/wp-json\/wp\/v2\/posts"}],"about":[{"href":"https:\/\/blogdoedvaldomagalhaes.com.br\/index.php\/wp-json\/wp\/v2\/types\/post"}],"author":[{"embeddable":true,"href":"https:\/\/blogdoedvaldomagalhaes.com.br\/index.php\/wp-json\/wp\/v2\/users\/1"}],"replies":[{"embeddable":true,"href":"https:\/\/blogdoedvaldomagalhaes.com.br\/index.php\/wp-json\/wp\/v2\/comments?post=89402"}],"version-history":[{"count":2,"href":"https:\/\/blogdoedvaldomagalhaes.com.br\/index.php\/wp-json\/wp\/v2\/posts\/89402\/revisions"}],"predecessor-version":[{"id":89406,"href":"https:\/\/blogdoedvaldomagalhaes.com.br\/index.php\/wp-json\/wp\/v2\/posts\/89402\/revisions\/89406"}],"wp:featuredmedia":[{"embeddable":true,"href":"https:\/\/blogdoedvaldomagalhaes.com.br\/index.php\/wp-json\/wp\/v2\/media\/89403"}],"wp:attachment":[{"href":"https:\/\/blogdoedvaldomagalhaes.com.br\/index.php\/wp-json\/wp\/v2\/media?parent=89402"}],"wp:term":[{"taxonomy":"category","embeddable":true,"href":"https:\/\/blogdoedvaldomagalhaes.com.br\/index.php\/wp-json\/wp\/v2\/categories?post=89402"},{"taxonomy":"post_tag","embeddable":true,"href":"https:\/\/blogdoedvaldomagalhaes.com.br\/index.php\/wp-json\/wp\/v2\/tags?post=89402"}],"curies":[{"name":"wp","href":"https:\/\/api.w.org\/{rel}","templated":true}]}}