{"id":89399,"date":"2022-10-26T20:43:53","date_gmt":"2022-10-26T23:43:53","guid":{"rendered":"https:\/\/blogdoedvaldomagalhaes.com.br\/?p=89399"},"modified":"2022-10-26T21:04:08","modified_gmt":"2022-10-27T00:04:08","slug":"marilia-arraes-promete-construir-quatro-delegacias-em-pernambuco-para-combater-a-violencia-contra-os-animais","status":"publish","type":"post","link":"https:\/\/blogdoedvaldomagalhaes.com.br\/index.php\/2022\/10\/26\/marilia-arraes-promete-construir-quatro-delegacias-em-pernambuco-para-combater-a-violencia-contra-os-animais\/","title":{"rendered":"Mar\u00edlia Arraes promete construir quatro delegacias em Pernambuco para combater a viol\u00eancia contra os animais"},"content":{"rendered":"<p style=\"text-align: justify;\"><span style=\"color: initial; font-size: revert;\">A candidata ao Governo de Pernambuco Mar\u00edlia Arraes esteve, na manh\u00e3 desta quarta-feira (26), no Jardim do Baob\u00e1, no bairro das Gra\u00e7as, no Recife, para um encontro com ativistas da causa animal. Para Mar\u00edlia, o bem estar animal tem rela\u00e7\u00e3o direta com o bem estar do meio ambiente, inclusive com a sa\u00fade dos seres humanos.<\/span><\/p>\n<p style=\"text-align: justify;\">Mar\u00edlia tamb\u00e9m deixou claro o seu compromisso com a causa animal. &#8220;Temos o compromisso de criar UPAs Pet em cada regi\u00e3o do Estado, que v\u00e3o atender as demandas de urg\u00eancia, procedimentos e exames de animais.&#8221;<\/p>\n<p style=\"text-align: justify;\">A candidata de Lula garantiu que vai combater de maneira incisiva a viol\u00eancia contra os animais. &#8220;Vamos separar os crimes de meio ambiente dos crimes espec\u00edficos de maus tratos com os animais. Hoje, todos esses crimes s\u00e3o atendidos na Delegacia de Pol\u00edcia do Meio Ambiente, Depoma.&#8221;<\/p>\n<p style=\"text-align: justify;\">&#8220;Temos o compromisso de separar essas delegacias e ter, pelo menos, quatro outras delegacias em Pernambuco para tratar de crimes contra animais&#8221;, continua Mar\u00edlia, que tamb\u00e9m se comprometeu em firmar parcerias com prefeituras, associa\u00e7\u00f5es e organiza\u00e7\u00f5es da causa animal. &#8220;Vamos envolver toda a sociedade e fazer parcerias com prefeituras, para implementar os castram\u00f3veis, e buscar as organiza\u00e7\u00f5es e ativistas para nos unirmos contra a viol\u00eancia e preservar a sa\u00fade dos animais&#8221;, finaliza.<\/p>\n<p style=\"text-align: justify;\">Estiveram com Mar\u00edlia no encontro: Douglas Brito Ativista, que foi candidato a deputado federal; Goretti Queiroz, ex-vereadora do Recife e ativista da causa animal; representantes da Trranspet, Resgate de Animais; representantes da Associa\u00e7\u00e3o Pernambucana dos Protetores de Animais de Pernambuco; Aldeni Bizarria, representando a Comiss\u00e3o de Prote\u00e7\u00e3o e Defesa Animal da OAB-PE; e representantes da Federa\u00e7\u00e3o das Associa\u00e7\u00f5es e ONG&#8217;s em Defesa Animal do Estado de Pernambuco. Foto: L\u00e9o Caldas.<\/p>\n<p style=\"text-align: justify;\">Siga o Instagram do Blog do Edvaldo Magalh\u00e3es e se inscreva no canal do Blog no YouTube.<\/p>\n","protected":false},"excerpt":{"rendered":"<p>A candidata ao Governo de Pernambuco Mar\u00edlia Arraes esteve, na manh\u00e3 desta quarta-feira (26), no Jardim do Baob\u00e1, no bairro&hellip;<\/p>\n","protected":false},"author":1,"featured_media":89400,"comment_status":"closed","ping_status":"open","sticky":false,"template":"","format":"standard","meta":{"footnotes":""},"categories":[14122],"tags":[2,19532,3406,19613,25935,20],"class_list":["post-89399","post","type-post","status-publish","format-standard","has-post-thumbnail","hentry","category-politica","tag-blog-do-edvaldo-magalhaes","tag-blog-mais-acessado-e-visualizado-de-caruaru-e-regiao","tag-caruaru","tag-eleicoes","tag-marilia-arraes-promete-construir-quatro-delegacias-em-pernambuco-para-combater-a-violencia-contra-os-animais","tag-politica"],"_links":{"self":[{"href":"https:\/\/blogdoedvaldomagalhaes.com.br\/index.php\/wp-json\/wp\/v2\/posts\/89399","targetHints":{"allow":["GET"]}}],"collection":[{"href":"https:\/\/blogdoedvaldomagalhaes.com.br\/index.php\/wp-json\/wp\/v2\/posts"}],"about":[{"href":"https:\/\/blogdoedvaldomagalhaes.com.br\/index.php\/wp-json\/wp\/v2\/types\/post"}],"author":[{"embeddable":true,"href":"https:\/\/blogdoedvaldomagalhaes.com.br\/index.php\/wp-json\/wp\/v2\/users\/1"}],"replies":[{"embeddable":true,"href":"https:\/\/blogdoedvaldomagalhaes.com.br\/index.php\/wp-json\/wp\/v2\/comments?post=89399"}],"version-history":[{"count":2,"href":"https:\/\/blogdoedvaldomagalhaes.com.br\/index.php\/wp-json\/wp\/v2\/posts\/89399\/revisions"}],"predecessor-version":[{"id":89407,"href":"https:\/\/blogdoedvaldomagalhaes.com.br\/index.php\/wp-json\/wp\/v2\/posts\/89399\/revisions\/89407"}],"wp:featuredmedia":[{"embeddable":true,"href":"https:\/\/blogdoedvaldomagalhaes.com.br\/index.php\/wp-json\/wp\/v2\/media\/89400"}],"wp:attachment":[{"href":"https:\/\/blogdoedvaldomagalhaes.com.br\/index.php\/wp-json\/wp\/v2\/media?parent=89399"}],"wp:term":[{"taxonomy":"category","embeddable":true,"href":"https:\/\/blogdoedvaldomagalhaes.com.br\/index.php\/wp-json\/wp\/v2\/categories?post=89399"},{"taxonomy":"post_tag","embeddable":true,"href":"https:\/\/blogdoedvaldomagalhaes.com.br\/index.php\/wp-json\/wp\/v2\/tags?post=89399"}],"curies":[{"name":"wp","href":"https:\/\/api.w.org\/{rel}","templated":true}]}}