{"id":89396,"date":"2022-10-26T19:59:07","date_gmt":"2022-10-26T22:59:07","guid":{"rendered":"https:\/\/blogdoedvaldomagalhaes.com.br\/?p=89396"},"modified":"2022-10-26T19:59:08","modified_gmt":"2022-10-26T22:59:08","slug":"dia-rosa-oferece-diversos-servicos-gratuitos-as-mulheres-em-caruaru-nesta-quinta-feira-27","status":"publish","type":"post","link":"https:\/\/blogdoedvaldomagalhaes.com.br\/index.php\/2022\/10\/26\/dia-rosa-oferece-diversos-servicos-gratuitos-as-mulheres-em-caruaru-nesta-quinta-feira-27\/","title":{"rendered":"Dia Rosa oferece diversos servi\u00e7os gratuitos \u00e0s mulheres, em Caruaru, nesta quinta-feira (27)"},"content":{"rendered":"<p style=\"text-align: justify;\"><span style=\"color: initial; font-size: revert;\">O Dia Rosa\u201d, ser\u00e1 realizado nesta quinta-feira (27), das 9h \u00e0s 15h, na Secretaria de Pol\u00edticas para Mulheres (SPM). O evento, promovido pela Prefeitura de Caruaru, ser\u00e1 uma grande a\u00e7\u00e3o em alus\u00e3o ao Outubro Rosa, onde estar\u00e3o disponibilizados servi\u00e7os de beleza, autocuidado, orienta\u00e7\u00f5es de sa\u00fade, enfrentamento \u00e0 viol\u00eancia e empoderamento das mulheres, que ser\u00e3o alcan\u00e7adas pela a\u00e7\u00e3o, entre outros. O evento \u00e9 gratuito e aberto ao p\u00fablico feminino.<\/span><\/p>\n<p style=\"text-align: justify;\">Outubro Rosa<\/p>\n<p style=\"text-align: justify;\">O Outubro Rosa \u00e9 uma campanha mundial de conscientiza\u00e7\u00e3o da preven\u00e7\u00e3o e do diagn\u00f3stico precoce do c\u00e2ncer de mama, que teve seu in\u00edcio na d\u00e9cada de 1990. O c\u00e2ncer de mama \u00e9 resultante da converg\u00eancia de diversos fatores, dessa forma \u00e9 necess\u00e1rio pensar em a\u00e7\u00f5es em v\u00e1rios n\u00edveis e aspectos.<\/p>\n<p style=\"text-align: justify;\">C\u00e2ncer de Mama<\/p>\n<p style=\"text-align: justify;\">De acordo com o Instituto Nacional do C\u00e2ncer (INCA), o c\u00e2ncer de mama \u00e9 multicausal, relacionando o aumento do risco de desenvolvimento com fatores gen\u00e9ticos\/heredit\u00e1rios, comportamentais\/ambientais, bem como fatores end\u00f3crinos. Esta ampla compreens\u00e3o, possibilita o acolhimento integral \u00e0 mulher acometida pelo c\u00e2ncer, direcionando o olhar a complexidade do adoecimento, bem como a subjetividade que \u00e9 o ser em exist\u00eancia.<\/p>\n<p style=\"text-align: justify;\">Diante disso, a SPM estar\u00e1 participando do referido movimento, ofertando acolhimento atrav\u00e9s dos servi\u00e7os do balc\u00e3o da mulher, como forma de apresentar projetos voltados para a sa\u00fade e qualidade de vida das mulheres,acolhendo suas viv\u00eancias e experi\u00eancias, com o intuito de promover uma rede de apoio \u00e0 todas as mulheres de Caruaru.<\/p>\n<p style=\"text-align: justify;\"><strong>Programa\u00e7\u00e3o<\/strong>:<\/p>\n<p style=\"text-align: justify;\">&#8211; 9h Abertura;<br \/>\n&#8211; 9h Feira da Mulher Empreendedora no Sal\u00e3o Adalgisa Cavalcante (t\u00e9rreo);<br \/>\n&#8211; 10h Aul\u00e3o de dan\u00e7a no audit\u00f3rio Antonieta de Barros (1\u00ba andar);<br \/>\n&#8211; 11h Palestra do Centro de Oncologia de Caruaru (CEOC), sobre os cuidados e combate ao c\u00e2ncer (audit\u00f3rio);<br \/>\n&#8211; 12h Intervalo;<br \/>\n&#8211; 13h In\u00edcio do Projeto Sa\u00fade na SPM &#8211; com citologias (2\u00ba andar);<br \/>\n&#8211; Panfletagem durante o evento;<br \/>\n&#8211; Servi\u00e7os de beleza at\u00e9 as 15h.<\/p>\n<p style=\"text-align: justify;\"><strong>Cuidado e Beleza<\/strong>:<\/p>\n<p style=\"text-align: justify;\">&#8211; Maquiagem;<br \/>\n&#8211; Sobrancelha;<br \/>\n&#8211; Unha;<br \/>\n&#8211; Peeling;<br \/>\n&#8211; Massagem;<br \/>\n&#8211; Reiki;<br \/>\n&#8211; Corte de cabelo;<br \/>\n&#8211; Penteado.<\/p>\n<p style=\"text-align: justify;\"><strong>Sa\u00fade<\/strong>:<\/p>\n<p style=\"text-align: justify;\">&#8211; Inaugura\u00e7\u00e3o do Projeto Sa\u00fade na SPM, com citologia;<br \/>\n&#8211; Dan\u00e7a e atividade f\u00edsica;<\/p>\n<p style=\"text-align: justify;\"><strong>Cidadania<\/strong>:<\/p>\n<p style=\"text-align: justify;\">&#8211; Inscri\u00e7\u00f5es para os cursos de qualifica\u00e7\u00e3o profissional;<br \/>\n&#8211; Inscri\u00e7\u00f5es para os grupos terap\u00eauticos;<br \/>\n&#8211; Feira da Mulher Empreendedora;<\/p>\n<p style=\"text-align: justify;\"><strong>Enfrentamento \u00e0 Viol\u00eancia:<\/strong><\/p>\n<p style=\"text-align: justify;\">&#8211; Panfletagem de telefones \u00fateis.<\/p>\n","protected":false},"excerpt":{"rendered":"<p>O Dia Rosa\u201d, ser\u00e1 realizado nesta quinta-feira (27), das 9h \u00e0s 15h, na Secretaria de Pol\u00edticas para Mulheres (SPM). O&hellip;<\/p>\n","protected":false},"author":1,"featured_media":89397,"comment_status":"closed","ping_status":"open","sticky":false,"template":"","format":"standard","meta":{"footnotes":""},"categories":[14120],"tags":[2,19532,3406,25934],"class_list":["post-89396","post","type-post","status-publish","format-standard","has-post-thumbnail","hentry","category-noticias","tag-blog-do-edvaldo-magalhaes","tag-blog-mais-acessado-e-visualizado-de-caruaru-e-regiao","tag-caruaru","tag-dia-rosa-oferece-diversos-servicos-gratuitos-as-mulheres-em-caruaru-nesta-quinta-feira-27"],"_links":{"self":[{"href":"https:\/\/blogdoedvaldomagalhaes.com.br\/index.php\/wp-json\/wp\/v2\/posts\/89396","targetHints":{"allow":["GET"]}}],"collection":[{"href":"https:\/\/blogdoedvaldomagalhaes.com.br\/index.php\/wp-json\/wp\/v2\/posts"}],"about":[{"href":"https:\/\/blogdoedvaldomagalhaes.com.br\/index.php\/wp-json\/wp\/v2\/types\/post"}],"author":[{"embeddable":true,"href":"https:\/\/blogdoedvaldomagalhaes.com.br\/index.php\/wp-json\/wp\/v2\/users\/1"}],"replies":[{"embeddable":true,"href":"https:\/\/blogdoedvaldomagalhaes.com.br\/index.php\/wp-json\/wp\/v2\/comments?post=89396"}],"version-history":[{"count":1,"href":"https:\/\/blogdoedvaldomagalhaes.com.br\/index.php\/wp-json\/wp\/v2\/posts\/89396\/revisions"}],"predecessor-version":[{"id":89398,"href":"https:\/\/blogdoedvaldomagalhaes.com.br\/index.php\/wp-json\/wp\/v2\/posts\/89396\/revisions\/89398"}],"wp:featuredmedia":[{"embeddable":true,"href":"https:\/\/blogdoedvaldomagalhaes.com.br\/index.php\/wp-json\/wp\/v2\/media\/89397"}],"wp:attachment":[{"href":"https:\/\/blogdoedvaldomagalhaes.com.br\/index.php\/wp-json\/wp\/v2\/media?parent=89396"}],"wp:term":[{"taxonomy":"category","embeddable":true,"href":"https:\/\/blogdoedvaldomagalhaes.com.br\/index.php\/wp-json\/wp\/v2\/categories?post=89396"},{"taxonomy":"post_tag","embeddable":true,"href":"https:\/\/blogdoedvaldomagalhaes.com.br\/index.php\/wp-json\/wp\/v2\/tags?post=89396"}],"curies":[{"name":"wp","href":"https:\/\/api.w.org\/{rel}","templated":true}]}}