{"id":89386,"date":"2022-10-26T18:08:00","date_gmt":"2022-10-26T21:08:00","guid":{"rendered":"https:\/\/blogdoedvaldomagalhaes.com.br\/?p=89386"},"modified":"2022-10-26T18:08:03","modified_gmt":"2022-10-26T21:08:03","slug":"consultas-e-palestras-em-prol-do-outubro-rosa","status":"publish","type":"post","link":"https:\/\/blogdoedvaldomagalhaes.com.br\/index.php\/2022\/10\/26\/consultas-e-palestras-em-prol-do-outubro-rosa\/","title":{"rendered":"Consultas e palestras em prol do Outubro Rosa"},"content":{"rendered":"<p style=\"text-align: justify;\"><span style=\"font-size: revert; color: initial;\">Iniciativa visa beneficiar mulheres do Pina e de Bras\u00edlia Teimosa. A a\u00e7\u00e3o \u00e9 coordenada pelo IJCPM em parceria com Centro de Diagn\u00f3stico Lucilo \u00c1vila<\/span><\/p>\n<p style=\"text-align: justify;\">Como marco das atividades em prol do Outubro Rosa, mulheres das comunidades do Pina e de Bras\u00edlia Teimosa ter\u00e3o acesso, nesta quinta-feira, 27, a orienta\u00e7\u00f5es m\u00e9dicas, exames cl\u00ednicos e, havendo a necessidade, direcionamento para acompanhamento mais detalhado. O IJCPM, em parceria com o Centro Diagn\u00f3stico Lucilo \u00c1vila e RioMar, promove a a\u00e7\u00e3o ao longo do dia. Com o tema, \u201cAmor pr\u00f3prio \u00e9 a melhor preven\u00e7\u00e3o\u201d deve impactar mais de 200 mulheres com as diversas atividades.<br \/>\nNo in\u00edcio da manh\u00e3, \u00e0s 9h, a m\u00e9dica ginecologista Ladjane Delgado estar\u00e1 no IJCPM para uma roda de conversa com mulheres das duas comunidades sobre a sa\u00fade feminina. Em seguida, \u00e0s 10h, a m\u00e9dica radiologista Mirela \u00c1vila e a mastologista M\u00e1rcia Pedrosa far\u00e3o exames em mulheres previamente cadastradas e conversar\u00e3o sobre a import\u00e2ncia dos exames preventivos. Pelo segundo ano, o Centro de Diagn\u00f3stico Lucilo \u00c1vila \u00e9 parceiro da a\u00e7\u00e3o do IJCPM. Mirela \u00c1vila destaca o cuidado e import\u00e2ncia da iniciativa. \u201cFaremos um exame f\u00edsico para detectar aquelas que precisem de exames de imagem com maior brevidade &#8211; seja pela idade ou porque n\u00f3s percebemos alguma altera\u00e7\u00e3o importante. Reafirmar tal parceria com o IJCPM, por mais um ano, \u00e9 realmente possibilitar que o Outubro Rosa permane\u00e7a fazendo sentido o ano inteiro\u201d, comenta.<\/p>\n<p style=\"text-align: justify;\">A diretora de Desenvolvimento Social e Rela\u00e7\u00f5es Institucionais do Grupo JCPM, Lucia Pontes, destaca a dificuldade de acesso que muitas mulheres t\u00eam no atendimento. \u201cFicamos muito sensibilizados no ano passado quando, ao oferecermos pela primeira vez exames cl\u00ednicos, muitas mulheres relataram que nunca haviam sido examinadas por um m\u00e9dico na investiga\u00e7\u00e3o de n\u00f3dulos ou alguma anomalia. Entendemos que palestras e conversas s\u00e3o de extrema relev\u00e2ncia, mas oferecer exames \u00e9 algo que pode mudar a vida de uma pessoa\u201d.<\/p>\n<p style=\"text-align: justify;\">CAMINHADA<br \/>\nNa manh\u00e3 desta quarta-feira, cerca de 120 mulheres sa\u00edram em caminhada pelas ruas do Pina em dire\u00e7\u00e3o \u00e0 sede do IJCPM, no RioMar, para sensibilizar outras mulheres sobre o tema. Uma das participantes foi Maria Jos\u00e9 da Costa Silva. Com duas pessoas pr\u00f3ximas portadoras da doen\u00e7a, ela destacou a relev\u00e2ncia dos exames. \u201cEstou aqui firme e forte para essa a\u00e7\u00e3o. J\u00e1 perdi uma amiga para a doen\u00e7a e ela me deixou esse legado de consci\u00eancia sobre o autocuidado\u201d. Jovens que hoje fazem parte das a\u00e7\u00f5es do Instituto tamb\u00e9m participaram da iniciativa, distribuindo material de alerta para a popula\u00e7\u00e3o. \u201c\u00c9 importante mostrar que o quanto mais cedo a doen\u00e7a for descoberta, melhor\u201d, comenta a Alanny Clara Ten\u00f3rio, 16 anos. Depois da caminhada, todas participaram de aulas de dan\u00e7a como momento de descontra\u00e7\u00e3o. Outra participa\u00e7\u00e3o importante foi do grupo de 16 mulheres que est\u00e3o ou passaram recentemente por tratamento de c\u00e2ncer. Com idades que v\u00e3o de 29 a 77 anos, s\u00e3o exemplos de pessoas com hist\u00f3rias de luta contra a doen\u00e7a e v\u00e3o participar, hoje \u00e0 tarde (26), de uma sess\u00e3o de cuidados e produ\u00e7\u00e3o, com maquiagem, cabelo, em parceria com sal\u00f5es das comunidades, para, na sequ\u00eancia, participarem de uma sess\u00e3o de fotografia. Foto: Divulga\u00e7\u00e3o.<\/p>\n","protected":false},"excerpt":{"rendered":"<p>Iniciativa visa beneficiar mulheres do Pina e de Bras\u00edlia Teimosa. A a\u00e7\u00e3o \u00e9 coordenada pelo IJCPM em parceria com Centro&hellip;<\/p>\n","protected":false},"author":1,"featured_media":89387,"comment_status":"closed","ping_status":"open","sticky":false,"template":"","format":"standard","meta":{"footnotes":""},"categories":[14120],"tags":[2,19532,3406,25932],"class_list":["post-89386","post","type-post","status-publish","format-standard","has-post-thumbnail","hentry","category-noticias","tag-blog-do-edvaldo-magalhaes","tag-blog-mais-acessado-e-visualizado-de-caruaru-e-regiao","tag-caruaru","tag-consultas-e-palestras-em-prol-do-outubro-rosa"],"_links":{"self":[{"href":"https:\/\/blogdoedvaldomagalhaes.com.br\/index.php\/wp-json\/wp\/v2\/posts\/89386","targetHints":{"allow":["GET"]}}],"collection":[{"href":"https:\/\/blogdoedvaldomagalhaes.com.br\/index.php\/wp-json\/wp\/v2\/posts"}],"about":[{"href":"https:\/\/blogdoedvaldomagalhaes.com.br\/index.php\/wp-json\/wp\/v2\/types\/post"}],"author":[{"embeddable":true,"href":"https:\/\/blogdoedvaldomagalhaes.com.br\/index.php\/wp-json\/wp\/v2\/users\/1"}],"replies":[{"embeddable":true,"href":"https:\/\/blogdoedvaldomagalhaes.com.br\/index.php\/wp-json\/wp\/v2\/comments?post=89386"}],"version-history":[{"count":1,"href":"https:\/\/blogdoedvaldomagalhaes.com.br\/index.php\/wp-json\/wp\/v2\/posts\/89386\/revisions"}],"predecessor-version":[{"id":89388,"href":"https:\/\/blogdoedvaldomagalhaes.com.br\/index.php\/wp-json\/wp\/v2\/posts\/89386\/revisions\/89388"}],"wp:featuredmedia":[{"embeddable":true,"href":"https:\/\/blogdoedvaldomagalhaes.com.br\/index.php\/wp-json\/wp\/v2\/media\/89387"}],"wp:attachment":[{"href":"https:\/\/blogdoedvaldomagalhaes.com.br\/index.php\/wp-json\/wp\/v2\/media?parent=89386"}],"wp:term":[{"taxonomy":"category","embeddable":true,"href":"https:\/\/blogdoedvaldomagalhaes.com.br\/index.php\/wp-json\/wp\/v2\/categories?post=89386"},{"taxonomy":"post_tag","embeddable":true,"href":"https:\/\/blogdoedvaldomagalhaes.com.br\/index.php\/wp-json\/wp\/v2\/tags?post=89386"}],"curies":[{"name":"wp","href":"https:\/\/api.w.org\/{rel}","templated":true}]}}