{"id":89383,"date":"2022-10-26T17:42:09","date_gmt":"2022-10-26T20:42:09","guid":{"rendered":"https:\/\/blogdoedvaldomagalhaes.com.br\/?p=89383"},"modified":"2022-10-26T17:42:11","modified_gmt":"2022-10-26T20:42:11","slug":"no-sesc-anderson-correia-ministra-1a-palestra-da-historia-de-caruaru-sobre-direito-animal-para-3a-idade","status":"publish","type":"post","link":"https:\/\/blogdoedvaldomagalhaes.com.br\/index.php\/2022\/10\/26\/no-sesc-anderson-correia-ministra-1a-palestra-da-historia-de-caruaru-sobre-direito-animal-para-3a-idade\/","title":{"rendered":"No Sesc, Anderson Correia ministra 1\u00aa palestra da hist\u00f3ria de Caruaru sobre Direito Animal para 3\u00aa idade"},"content":{"rendered":"<p style=\"text-align: justify;\"><span style=\"color: initial; font-size: revert;\">Refer\u00eancia em Direito Animal em Pernambuco, o vereador e advogado animalista, Anderson Correia (PP), ministrou a primeira palestra sobre os direitos dos animais para a terceira idade j\u00e1 realizada em Caruaru. O evento aconteceu na tarde desta quarta-feira (26), no Sesc da Capital do Agreste, com o tema: \u201cA import\u00e2ncia da rela\u00e7\u00e3o da pessoa idosa com os animais de estima\u00e7\u00e3o\u201d, onde o parlamentar mostrou diversas legisla\u00e7\u00f5es e orientou a todos sobre como combater os maus-tratos, al\u00e9m de debater pol\u00edticas p\u00fablicas sobre o tema. Ao t\u00e9rmino do encontro, o edil n\u00e3o escondeu a felicidade por participar deste momento marcante para a pauta animalista.<\/span><\/p>\n<p style=\"text-align: justify;\">\u201cEssa causa sempre nos surpreende e hoje foi um dia especial assim, com pessoas com muita experi\u00eancia, mas dispostas a aprender sobre os direitos dos animais, transmitindo muito amor e sensibilidade com os animais. Minha gratid\u00e3o ao Sesc, que me proporcionou ser a primeira pessoa a falar deste tema para a terceira idade em Caruaru, fazendo com que a bandeira animalista cres\u00e7a em todos os ambientes e gera\u00e7\u00f5es, conscientizando a todos, independente da idade, de que os animais s\u00e3o sujeitos de direitos e merecem respeito\u201d, destacou Anderson. Foto: Divulga\u00e7\u00e3o.<\/p>\n<p style=\"text-align: justify;\">Siga o Instagram do Blog do Edvaldo Magalh\u00e3es e se inscreva no canal do Blog do Blog no YouTube.<\/p>\n","protected":false},"excerpt":{"rendered":"<p>Refer\u00eancia em Direito Animal em Pernambuco, o vereador e advogado animalista, Anderson Correia (PP), ministrou a primeira palestra sobre os&hellip;<\/p>\n","protected":false},"author":1,"featured_media":89384,"comment_status":"closed","ping_status":"open","sticky":false,"template":"","format":"standard","meta":{"footnotes":""},"categories":[14122],"tags":[2,19532,3406,25931,20],"class_list":["post-89383","post","type-post","status-publish","format-standard","has-post-thumbnail","hentry","category-politica","tag-blog-do-edvaldo-magalhaes","tag-blog-mais-acessado-e-visualizado-de-caruaru-e-regiao","tag-caruaru","tag-no-sesc-anderson-correia-ministra-1a-palestra-da-historia-de-caruaru-sobre-direito-animal-para-3a-idade","tag-politica"],"_links":{"self":[{"href":"https:\/\/blogdoedvaldomagalhaes.com.br\/index.php\/wp-json\/wp\/v2\/posts\/89383","targetHints":{"allow":["GET"]}}],"collection":[{"href":"https:\/\/blogdoedvaldomagalhaes.com.br\/index.php\/wp-json\/wp\/v2\/posts"}],"about":[{"href":"https:\/\/blogdoedvaldomagalhaes.com.br\/index.php\/wp-json\/wp\/v2\/types\/post"}],"author":[{"embeddable":true,"href":"https:\/\/blogdoedvaldomagalhaes.com.br\/index.php\/wp-json\/wp\/v2\/users\/1"}],"replies":[{"embeddable":true,"href":"https:\/\/blogdoedvaldomagalhaes.com.br\/index.php\/wp-json\/wp\/v2\/comments?post=89383"}],"version-history":[{"count":1,"href":"https:\/\/blogdoedvaldomagalhaes.com.br\/index.php\/wp-json\/wp\/v2\/posts\/89383\/revisions"}],"predecessor-version":[{"id":89385,"href":"https:\/\/blogdoedvaldomagalhaes.com.br\/index.php\/wp-json\/wp\/v2\/posts\/89383\/revisions\/89385"}],"wp:featuredmedia":[{"embeddable":true,"href":"https:\/\/blogdoedvaldomagalhaes.com.br\/index.php\/wp-json\/wp\/v2\/media\/89384"}],"wp:attachment":[{"href":"https:\/\/blogdoedvaldomagalhaes.com.br\/index.php\/wp-json\/wp\/v2\/media?parent=89383"}],"wp:term":[{"taxonomy":"category","embeddable":true,"href":"https:\/\/blogdoedvaldomagalhaes.com.br\/index.php\/wp-json\/wp\/v2\/categories?post=89383"},{"taxonomy":"post_tag","embeddable":true,"href":"https:\/\/blogdoedvaldomagalhaes.com.br\/index.php\/wp-json\/wp\/v2\/tags?post=89383"}],"curies":[{"name":"wp","href":"https:\/\/api.w.org\/{rel}","templated":true}]}}