{"id":89380,"date":"2022-10-26T15:51:44","date_gmt":"2022-10-26T18:51:44","guid":{"rendered":"https:\/\/blogdoedvaldomagalhaes.com.br\/?p=89380"},"modified":"2022-10-26T15:51:45","modified_gmt":"2022-10-26T18:51:45","slug":"passagens-de-onibus-com-50-de-desconto-domingo-em-caruaru-e-gratuidade-para-passageiros-especificos","status":"publish","type":"post","link":"https:\/\/blogdoedvaldomagalhaes.com.br\/index.php\/2022\/10\/26\/passagens-de-onibus-com-50-de-desconto-domingo-em-caruaru-e-gratuidade-para-passageiros-especificos\/","title":{"rendered":"Passagens de \u00f4nibus com 50% de desconto domingo em Caruaru e gratuidade para passageiros espec\u00edficos"},"content":{"rendered":"<p style=\"text-align: justify;\"><span style=\"color: initial; font-size: revert;\">A Autarquia de Mobilidade, Tr\u00e2nsito e Transportes de Caruaru (AMTTC) informa que, neste domingo (30), o Sistema P\u00fablico de Transporte de Passageiros do munic\u00edpio oferecer\u00e1 50% de desconto na tarifa para todos os usu\u00e1rios, como ocorreu no primeiro turno das Elei\u00e7\u00f5es 2022, como tamb\u00e9m, desde o in\u00edcio do contrato, no transporte urbano e rural. Al\u00e9m disso, h\u00e1 a disponibilidade de gratuidade no transporte p\u00fablico para pessoas que se enquadrem em pr\u00e9-requisitos estabelecidos na legisla\u00e7\u00e3o municipal.<\/span><\/p>\n<p style=\"text-align: justify;\">Os usu\u00e1rios que se enquadram na lei de transporte gratuito s\u00e3o: pessoas de baixa renda, portadoras de c\u00e2ncer, HIV, anemias cong\u00eanitas e coagulat\u00f3rias cong\u00eanitas, que possuem os requisitos m\u00ednimos dispostos na lei municipal n\u00ba 4.299\/2003. Al\u00e9m disso, h\u00e1 gratuidade para pessoas com defici\u00eancia f\u00edsica, sensorial, mental ou intelectual, bem como aos respectivos acompanhantes, de acordo com as premissas da lei municipal n\u00ba 6.907\/2022. Tamb\u00e9m tem direito \u00e0 gratuidade, os idosos a partir dos 60 anos de idade, de acordo com a lei n\u00ba 4359\/2004.<\/p>\n<p style=\"text-align: justify;\">N\u00e3o haver\u00e1 diminui\u00e7\u00e3o do quantitativo de \u00f4nibus dispon\u00edveis para o dia de elei\u00e7\u00f5es, podendo ter a frota ampliada, de acordo com a demanda necess\u00e1ria. Aos usu\u00e1rios que possuem cart\u00e3o LEVA, \u00e9 concedido o desconto de 50% no valor da tarifa de transporte p\u00fablico municipal, tanto para as linhas urbanas como tamb\u00e9m para as rurais. Foto: Divulga\u00e7\u00e3o\/AMTTC.<\/p>\n<p style=\"text-align: justify;\">Siga o Instagram do Blog do Edvaldo Magalh\u00e3es e se inscreva no canal do You Tube.<\/p>\n","protected":false},"excerpt":{"rendered":"<p>A Autarquia de Mobilidade, Tr\u00e2nsito e Transportes de Caruaru (AMTTC) informa que, neste domingo (30), o Sistema P\u00fablico de Transporte&hellip;<\/p>\n","protected":false},"author":1,"featured_media":89381,"comment_status":"closed","ping_status":"open","sticky":false,"template":"","format":"standard","meta":{"footnotes":""},"categories":[14120],"tags":[2,19532,3406,19613,25930],"class_list":["post-89380","post","type-post","status-publish","format-standard","has-post-thumbnail","hentry","category-noticias","tag-blog-do-edvaldo-magalhaes","tag-blog-mais-acessado-e-visualizado-de-caruaru-e-regiao","tag-caruaru","tag-eleicoes","tag-passagens-de-onibus-com-50-de-desconto-domingo-em-caruaru-e-gratuidade-para-passageiros-especificos"],"_links":{"self":[{"href":"https:\/\/blogdoedvaldomagalhaes.com.br\/index.php\/wp-json\/wp\/v2\/posts\/89380","targetHints":{"allow":["GET"]}}],"collection":[{"href":"https:\/\/blogdoedvaldomagalhaes.com.br\/index.php\/wp-json\/wp\/v2\/posts"}],"about":[{"href":"https:\/\/blogdoedvaldomagalhaes.com.br\/index.php\/wp-json\/wp\/v2\/types\/post"}],"author":[{"embeddable":true,"href":"https:\/\/blogdoedvaldomagalhaes.com.br\/index.php\/wp-json\/wp\/v2\/users\/1"}],"replies":[{"embeddable":true,"href":"https:\/\/blogdoedvaldomagalhaes.com.br\/index.php\/wp-json\/wp\/v2\/comments?post=89380"}],"version-history":[{"count":1,"href":"https:\/\/blogdoedvaldomagalhaes.com.br\/index.php\/wp-json\/wp\/v2\/posts\/89380\/revisions"}],"predecessor-version":[{"id":89382,"href":"https:\/\/blogdoedvaldomagalhaes.com.br\/index.php\/wp-json\/wp\/v2\/posts\/89380\/revisions\/89382"}],"wp:featuredmedia":[{"embeddable":true,"href":"https:\/\/blogdoedvaldomagalhaes.com.br\/index.php\/wp-json\/wp\/v2\/media\/89381"}],"wp:attachment":[{"href":"https:\/\/blogdoedvaldomagalhaes.com.br\/index.php\/wp-json\/wp\/v2\/media?parent=89380"}],"wp:term":[{"taxonomy":"category","embeddable":true,"href":"https:\/\/blogdoedvaldomagalhaes.com.br\/index.php\/wp-json\/wp\/v2\/categories?post=89380"},{"taxonomy":"post_tag","embeddable":true,"href":"https:\/\/blogdoedvaldomagalhaes.com.br\/index.php\/wp-json\/wp\/v2\/tags?post=89380"}],"curies":[{"name":"wp","href":"https:\/\/api.w.org\/{rel}","templated":true}]}}