{"id":89361,"date":"2022-10-26T09:19:43","date_gmt":"2022-10-26T12:19:43","guid":{"rendered":"https:\/\/blogdoedvaldomagalhaes.com.br\/?p=89361"},"modified":"2022-10-26T12:09:48","modified_gmt":"2022-10-26T15:09:48","slug":"furto-de-energia-e-identificado-em-23-apartamentos-de-condominio-em-caruaru","status":"publish","type":"post","link":"https:\/\/blogdoedvaldomagalhaes.com.br\/index.php\/2022\/10\/26\/furto-de-energia-e-identificado-em-23-apartamentos-de-condominio-em-caruaru\/","title":{"rendered":"Furto de energia \u00e9 identificado em 23 apartamentos de condom\u00ednio em Caruaru"},"content":{"rendered":"<p style=\"text-align: justify;\"><span style=\"font-size: revert; color: initial;\">Uma opera\u00e7\u00e3o da Neoenergia Pernambuco, Pol\u00edcia Civil e o Instituto de Criminal\u00edstica identificou desvio de energia em mais de a metade dos apartamentos de um condom\u00ednio, em Caruaru. A a\u00e7\u00e3o foi realizada nesta ter\u00e7a-feira (25) pela manh\u00e3, quando foi constatado que 23 das 40 resid\u00eancias estavam consumindo energia sem passar pelo medidor, o que configura furto. O respons\u00e1vel pelo condom\u00ednio foi levado \u00e0 delegacia do Salgado.<\/span><\/p>\n<p style=\"text-align: justify;\">A total da quantidade de energia desviada est\u00e1 sendo calculada pela concession\u00e1ria. As fraudes foram retiradas e os moradores tiveram o fornecimento normalizado. A distribuidora vai cobrar de forma retroativa todo o montante consumido dos moradores.<\/p>\n<p style=\"text-align: justify;\">A a\u00e7\u00e3o foi promovida pela \u00e1rea de intelig\u00eancia da Neoenergia Pernambuco, que h\u00e1 alguns meses j\u00e1 analisava o consumo dos clientes.<\/p>\n<p style=\"text-align: justify;\">_\u201c\u00c9 importante ficar claro que o furto de energia \u00e9 crime previsto no C\u00f3digo Penal, com pena de 1 a 5 anos de pris\u00e3o. Al\u00e9m disso, quem realiza liga\u00e7\u00f5es clandestinas exp\u00f5e a popula\u00e7\u00e3o a graves riscos de acidente\u201d_, afirmou o _*supervisor Operacional da Neoenergia Pernambuco, \u00cdcaro Bezerra.*_<\/p>\n<p style=\"text-align: justify;\">A irregularidade cometida por essas pessoas impacta diretamente na fatura de energia de todos os pernambucanos. _\u201cIrregularidades na medi\u00e7\u00e3o ou liga\u00e7\u00f5es clandestinas impactam no valor da conta de todos os clientes, al\u00e9m de comprometer a qualidade de fornecimento de energia. \u00c9 importante que as pessoas denunciem sempre que desconfiarem de algum tipo de irregularidade na rede\u201d_, concluiu, \u00cdcaro Bezerra.<\/p>\n<p style=\"text-align: justify;\"><strong>Den\u00fancia<\/strong><\/p>\n<p style=\"text-align: justify;\">Caso alguma pessoa desconfie de liga\u00e7\u00f5es clandestinas ou mesmo de furto de energia por fraude no medidor, ela pode entrar em contato com a Neoenergia Pernambuco, por meio do 116, do whatsap (81.32176990) ou pelo portal www.neoenergiapernambuco.com.br. N\u00e3o \u00e9 preciso se identificar. Foto: Divulga\u00e7\u00e3o.<\/p>\n<p style=\"text-align: justify;\">Siga o Instagram do Blog do Edvaldo Magalh\u00e3es e se inscreva no canal do Blog no YouTube.<\/p>\n","protected":false},"excerpt":{"rendered":"<p>Uma opera\u00e7\u00e3o da Neoenergia Pernambuco, Pol\u00edcia Civil e o Instituto de Criminal\u00edstica identificou desvio de energia em mais de a&hellip;<\/p>\n","protected":false},"author":1,"featured_media":89362,"comment_status":"closed","ping_status":"open","sticky":false,"template":"","format":"standard","meta":{"footnotes":""},"categories":[14120],"tags":[2,19532,3406,25928],"class_list":["post-89361","post","type-post","status-publish","format-standard","has-post-thumbnail","hentry","category-noticias","tag-blog-do-edvaldo-magalhaes","tag-blog-mais-acessado-e-visualizado-de-caruaru-e-regiao","tag-caruaru","tag-furto-de-energia-e-identificado-em-23-apartamentos-de-condominio-em-caruaru"],"_links":{"self":[{"href":"https:\/\/blogdoedvaldomagalhaes.com.br\/index.php\/wp-json\/wp\/v2\/posts\/89361","targetHints":{"allow":["GET"]}}],"collection":[{"href":"https:\/\/blogdoedvaldomagalhaes.com.br\/index.php\/wp-json\/wp\/v2\/posts"}],"about":[{"href":"https:\/\/blogdoedvaldomagalhaes.com.br\/index.php\/wp-json\/wp\/v2\/types\/post"}],"author":[{"embeddable":true,"href":"https:\/\/blogdoedvaldomagalhaes.com.br\/index.php\/wp-json\/wp\/v2\/users\/1"}],"replies":[{"embeddable":true,"href":"https:\/\/blogdoedvaldomagalhaes.com.br\/index.php\/wp-json\/wp\/v2\/comments?post=89361"}],"version-history":[{"count":2,"href":"https:\/\/blogdoedvaldomagalhaes.com.br\/index.php\/wp-json\/wp\/v2\/posts\/89361\/revisions"}],"predecessor-version":[{"id":89375,"href":"https:\/\/blogdoedvaldomagalhaes.com.br\/index.php\/wp-json\/wp\/v2\/posts\/89361\/revisions\/89375"}],"wp:featuredmedia":[{"embeddable":true,"href":"https:\/\/blogdoedvaldomagalhaes.com.br\/index.php\/wp-json\/wp\/v2\/media\/89362"}],"wp:attachment":[{"href":"https:\/\/blogdoedvaldomagalhaes.com.br\/index.php\/wp-json\/wp\/v2\/media?parent=89361"}],"wp:term":[{"taxonomy":"category","embeddable":true,"href":"https:\/\/blogdoedvaldomagalhaes.com.br\/index.php\/wp-json\/wp\/v2\/categories?post=89361"},{"taxonomy":"post_tag","embeddable":true,"href":"https:\/\/blogdoedvaldomagalhaes.com.br\/index.php\/wp-json\/wp\/v2\/tags?post=89361"}],"curies":[{"name":"wp","href":"https:\/\/api.w.org\/{rel}","templated":true}]}}