{"id":89358,"date":"2022-10-26T08:43:48","date_gmt":"2022-10-26T11:43:48","guid":{"rendered":"https:\/\/blogdoedvaldomagalhaes.com.br\/?p=89358"},"modified":"2022-10-26T08:43:49","modified_gmt":"2022-10-26T11:43:49","slug":"caso-funase-marilia-apresenta-noticia-crime-contra-raquel-por-denunciacao-caluniosa","status":"publish","type":"post","link":"https:\/\/blogdoedvaldomagalhaes.com.br\/index.php\/2022\/10\/26\/caso-funase-marilia-apresenta-noticia-crime-contra-raquel-por-denunciacao-caluniosa\/","title":{"rendered":"Caso Funase: Mar\u00edlia apresenta not\u00edcia-crime contra Raquel por denuncia\u00e7\u00e3o caluniosa"},"content":{"rendered":"<p style=\"text-align: justify;\">A candidata ao governo do Estado pela coliga\u00e7\u00e3o Pernambuco na Veia, Mar\u00edlia Arraes, apresentou, junto ao Minist\u00e9rio P\u00fablico Eleitoral, not\u00edcia-crime contra a sua advers\u00e1ria neste segundo turno, Raquel Lyra, por denuncia\u00e7\u00e3o caluniosa. Para os advogados de Mar\u00edlia, Raquel imputou falsamente a Mar\u00edlia os crimes de cal\u00fania, inj\u00faria e difama\u00e7\u00e3o em interpela\u00e7\u00e3o judicial ajuizada na manh\u00e3 dessa ter\u00e7a-feira 25 sobre pe\u00e7as publicit\u00e1rias em que a responsabilidade da tucana sobre as rebeli\u00f5es e mortes em unidades da Funase \u00e9 questionada. A defesa de Mar\u013aia ainda requer a instala\u00e7\u00e3o de inqu\u00e9rito policial.<\/p>\n<p style=\"text-align: justify;\">Na not\u00edcia-crime contra Raquel Lyra, a defesa de Mar\u00edlia salienta que &#8220;a candidata tucana quer cercear a liberdade de express\u00e3o da candidata da coliga\u00e7\u00e3o Pernambuco na Veia, uma vez que as falas de Mar\u00edlia sobre o caso Funase n\u00e3o configuram crime de qualquer natureza, uma vez que s\u00e3o fatos amplamente divulgados pela imprensa. H\u00e1, inclusive, falas de Raquel a respeito das p\u00e9ssimas condi\u00e7\u00f5es das unidades de Abreu e Lima e do Cabo de Santo Agostinho&#8221;. Ainda de acordo com os advogados, Raquel teria dito: \u201ca estrutura do sistema de socioatendimento aos jovens infratores ainda \u00e9 falho no Estado\u201d.<\/p>\n<p style=\"text-align: justify;\">Os advogados tamb\u00e9m apontam que a campanha de Raquel tentou, ao provocar a Justi\u00e7a, criar um fato pol\u00edtico &#8211; inclusive j\u00e1 explorado nas redes sociais da candidata tucana. A interpela\u00e7\u00e3o judicial foi ajuizada \u201c\u00e0s 11h06 desta ter\u00e7a 25 de outubro para servir como fato pol\u00edtico a ser utilizado por ocasi\u00e3o do debate promovido neste mesmo dia pela TV Jornal\u201d. <span style=\"font-size: revert; color: initial;\">Foto: L\u00e9o Caldas.<\/span><\/p>\n<p style=\"text-align: justify;\">Siga o Instagram do Blog do Edvaldo Magalh\u00e3es e se inscreva no canal do Blog no YouTube.<\/p>\n","protected":false},"excerpt":{"rendered":"<p>A candidata ao governo do Estado pela coliga\u00e7\u00e3o Pernambuco na Veia, Mar\u00edlia Arraes, apresentou, junto ao Minist\u00e9rio P\u00fablico Eleitoral, not\u00edcia-crime&hellip;<\/p>\n","protected":false},"author":1,"featured_media":89359,"comment_status":"closed","ping_status":"open","sticky":false,"template":"","format":"standard","meta":{"footnotes":""},"categories":[14122],"tags":[2,19532,3406,25927,19613,20],"class_list":["post-89358","post","type-post","status-publish","format-standard","has-post-thumbnail","hentry","category-politica","tag-blog-do-edvaldo-magalhaes","tag-blog-mais-acessado-e-visualizado-de-caruaru-e-regiao","tag-caruaru","tag-caso-funase-marilia-apresenta-noticia-crime-contra-raquel-por-denunciacao-caluniosa","tag-eleicoes","tag-politica"],"_links":{"self":[{"href":"https:\/\/blogdoedvaldomagalhaes.com.br\/index.php\/wp-json\/wp\/v2\/posts\/89358","targetHints":{"allow":["GET"]}}],"collection":[{"href":"https:\/\/blogdoedvaldomagalhaes.com.br\/index.php\/wp-json\/wp\/v2\/posts"}],"about":[{"href":"https:\/\/blogdoedvaldomagalhaes.com.br\/index.php\/wp-json\/wp\/v2\/types\/post"}],"author":[{"embeddable":true,"href":"https:\/\/blogdoedvaldomagalhaes.com.br\/index.php\/wp-json\/wp\/v2\/users\/1"}],"replies":[{"embeddable":true,"href":"https:\/\/blogdoedvaldomagalhaes.com.br\/index.php\/wp-json\/wp\/v2\/comments?post=89358"}],"version-history":[{"count":1,"href":"https:\/\/blogdoedvaldomagalhaes.com.br\/index.php\/wp-json\/wp\/v2\/posts\/89358\/revisions"}],"predecessor-version":[{"id":89360,"href":"https:\/\/blogdoedvaldomagalhaes.com.br\/index.php\/wp-json\/wp\/v2\/posts\/89358\/revisions\/89360"}],"wp:featuredmedia":[{"embeddable":true,"href":"https:\/\/blogdoedvaldomagalhaes.com.br\/index.php\/wp-json\/wp\/v2\/media\/89359"}],"wp:attachment":[{"href":"https:\/\/blogdoedvaldomagalhaes.com.br\/index.php\/wp-json\/wp\/v2\/media?parent=89358"}],"wp:term":[{"taxonomy":"category","embeddable":true,"href":"https:\/\/blogdoedvaldomagalhaes.com.br\/index.php\/wp-json\/wp\/v2\/categories?post=89358"},{"taxonomy":"post_tag","embeddable":true,"href":"https:\/\/blogdoedvaldomagalhaes.com.br\/index.php\/wp-json\/wp\/v2\/tags?post=89358"}],"curies":[{"name":"wp","href":"https:\/\/api.w.org\/{rel}","templated":true}]}}