{"id":89355,"date":"2022-10-26T08:15:50","date_gmt":"2022-10-26T11:15:50","guid":{"rendered":"https:\/\/blogdoedvaldomagalhaes.com.br\/?p=89355"},"modified":"2022-10-26T08:15:52","modified_gmt":"2022-10-26T11:15:52","slug":"campanha-de-raquel-entra-com-interpelacao-criminal-contra-marilia-por-associar-morte-de-adolescente-na-funase-a-candidata-do-psdb","status":"publish","type":"post","link":"https:\/\/blogdoedvaldomagalhaes.com.br\/index.php\/2022\/10\/26\/campanha-de-raquel-entra-com-interpelacao-criminal-contra-marilia-por-associar-morte-de-adolescente-na-funase-a-candidata-do-psdb\/","title":{"rendered":"Campanha de Raquel entra com interpela\u00e7\u00e3o criminal contra Mar\u00edlia por associar morte de adolescente na Funase \u00e0 candidata do PSDB"},"content":{"rendered":"<p style=\"text-align: justify;\"><span style=\"font-size: revert; color: initial;\">A coordena\u00e7\u00e3o jur\u00eddica da campanha da candidata ao Governo do Estado, Raquel Lyra (PSDB), entrou, nesta ter\u00e7a-feira (25), com uma interpela\u00e7\u00e3o criminal no Tribunal de Justi\u00e7a de Pernambuco (TJPE) contra a sua advers\u00e1ria Mar\u00edlia Arraes (Solidariedade). A a\u00e7\u00e3o foi motivada pela tentativa de Mar\u00edlia associar a morte de um adolescente interno na Funda\u00e7\u00e3o de Atendimento Socioeducativo (Funase) \u00e0 gest\u00e3o de Raquel enquanto secret\u00e1ria da Crian\u00e7a e Juventude, no governo de Eduardo Campos. Na \u00e9poca, Raquel estava de licen\u00e7a maternidade, portanto, afastada do cargo.<\/span><\/p>\n<p style=\"text-align: justify;\">No documento, encaminhado ao TJPE, o jur\u00eddico de Raquel mostra a necessidade de Mar\u00edlia esclarecer as afirma\u00e7\u00f5es que a candidata tem feito, repetidas vezes, nos debates promovidos por emissoras locais. De acordo com a coordena\u00e7\u00e3o jur\u00eddica de Raquel, as declara\u00e7\u00f5es de Mar\u00edlia configuram a pr\u00e1tica dos delitos de cal\u00fania, difama\u00e7\u00e3o e inj\u00faria, podendo ser assegurado o direito de resposta.<\/p>\n<p style=\"text-align: justify;\">\u201cApesar do respeito que nutre por todos os que fazem o meio pol\u00edtico, mesmo os seus advers\u00e1rios, e de ter ci\u00eancia do princ\u00edpio da liberdade de express\u00e3o que norteia a atividade pol\u00edtica, a interpelante (Raquel) foi alvo de severas, injustas e inver\u00eddicas acusa\u00e7\u00f5es por parte da interpelada (Mar\u00edlia) durante os debates entre as candidatas ao cargo de governadora do estado de Pernambuco, no segundo turno das Elei\u00e7\u00f5es de 2022\u201d, justifica o jur\u00eddico de Raquel, na interpela\u00e7\u00e3o criminal. Foto: Divulga\u00e7\u00e3o.<\/p>\n<p style=\"text-align: justify;\">Siga o Instagram do Blog do Edvaldo Magalh\u00e3es e se inscreva no canal do Blog no YouTube.<\/p>\n","protected":false},"excerpt":{"rendered":"<p>A coordena\u00e7\u00e3o jur\u00eddica da campanha da candidata ao Governo do Estado, Raquel Lyra (PSDB), entrou, nesta ter\u00e7a-feira (25), com uma&hellip;<\/p>\n","protected":false},"author":1,"featured_media":89356,"comment_status":"closed","ping_status":"open","sticky":false,"template":"","format":"standard","meta":{"footnotes":""},"categories":[14122],"tags":[2,19532,25926,3406,19613,20],"class_list":["post-89355","post","type-post","status-publish","format-standard","has-post-thumbnail","hentry","category-politica","tag-blog-do-edvaldo-magalhaes","tag-blog-mais-acessado-e-visualizado-de-caruaru-e-regiao","tag-campanha-de-raquel-entra-com-interpelacao-criminal-contra-marilia-por-associar-morte-de-adolescente-na-funase-a-candidata-do-psdb","tag-caruaru","tag-eleicoes","tag-politica"],"_links":{"self":[{"href":"https:\/\/blogdoedvaldomagalhaes.com.br\/index.php\/wp-json\/wp\/v2\/posts\/89355","targetHints":{"allow":["GET"]}}],"collection":[{"href":"https:\/\/blogdoedvaldomagalhaes.com.br\/index.php\/wp-json\/wp\/v2\/posts"}],"about":[{"href":"https:\/\/blogdoedvaldomagalhaes.com.br\/index.php\/wp-json\/wp\/v2\/types\/post"}],"author":[{"embeddable":true,"href":"https:\/\/blogdoedvaldomagalhaes.com.br\/index.php\/wp-json\/wp\/v2\/users\/1"}],"replies":[{"embeddable":true,"href":"https:\/\/blogdoedvaldomagalhaes.com.br\/index.php\/wp-json\/wp\/v2\/comments?post=89355"}],"version-history":[{"count":1,"href":"https:\/\/blogdoedvaldomagalhaes.com.br\/index.php\/wp-json\/wp\/v2\/posts\/89355\/revisions"}],"predecessor-version":[{"id":89357,"href":"https:\/\/blogdoedvaldomagalhaes.com.br\/index.php\/wp-json\/wp\/v2\/posts\/89355\/revisions\/89357"}],"wp:featuredmedia":[{"embeddable":true,"href":"https:\/\/blogdoedvaldomagalhaes.com.br\/index.php\/wp-json\/wp\/v2\/media\/89356"}],"wp:attachment":[{"href":"https:\/\/blogdoedvaldomagalhaes.com.br\/index.php\/wp-json\/wp\/v2\/media?parent=89355"}],"wp:term":[{"taxonomy":"category","embeddable":true,"href":"https:\/\/blogdoedvaldomagalhaes.com.br\/index.php\/wp-json\/wp\/v2\/categories?post=89355"},{"taxonomy":"post_tag","embeddable":true,"href":"https:\/\/blogdoedvaldomagalhaes.com.br\/index.php\/wp-json\/wp\/v2\/tags?post=89355"}],"curies":[{"name":"wp","href":"https:\/\/api.w.org\/{rel}","templated":true}]}}