{"id":89337,"date":"2022-10-25T17:28:29","date_gmt":"2022-10-25T20:28:29","guid":{"rendered":"https:\/\/blogdoedvaldomagalhaes.com.br\/?p=89337"},"modified":"2022-10-25T17:28:30","modified_gmt":"2022-10-25T20:28:30","slug":"anderson-correia-volta-a-cobrar-implantacao-de-politicas-publicas-para-animais-de-grande-porte-em-caruaru","status":"publish","type":"post","link":"https:\/\/blogdoedvaldomagalhaes.com.br\/index.php\/2022\/10\/25\/anderson-correia-volta-a-cobrar-implantacao-de-politicas-publicas-para-animais-de-grande-porte-em-caruaru\/","title":{"rendered":"Anderson Correia volta a cobrar implanta\u00e7\u00e3o de pol\u00edticas p\u00fablicas para animais de grande porte em Caruaru"},"content":{"rendered":"<p style=\"text-align: justify;\"><span style=\"color: initial; font-size: revert;\">Grande refer\u00eancia tamb\u00e9m na luta contra os maus-tratos aos animais de grande porte, o vereador Anderson Correia (PP) voltou a cobrar a implanta\u00e7\u00e3o de pol\u00edticas p\u00fablicas voltadas para os animais de grande porte em Caruaru. O parlamentar, que j\u00e1 se reuniu algumas vezes com representantes do Poder P\u00fablico municipal para tratar assuntos ligados a essa pauta, volta a ressaltar a necessidade e a import\u00e2ncia de se criar pol\u00edticas para estes animais na Capital do Agreste.<\/span><\/p>\n<p style=\"text-align: justify;\">\u201cJ\u00e1 faz quase dois anos que venho lutando por implanta\u00e7\u00e3o de pol\u00edticas p\u00fablicas para os animais de grande porte em Caruaru e estamos cansados de ver tudo no mesmo lugar. Por onde se passa na cidade, \u00e9 poss\u00edvel ver esses animais soltos nas ruas, muitas vezes abandonados, podendo gerar acidentes e outros transtornos que podem trazer \u00f4nus para administra\u00e7\u00e3o p\u00fablica. Se houvesse uma pol\u00edtica p\u00fablica efetiva para os equinos, isso seria evitado e os animais teriam dignidade e seus direitos respeitados. Vamos seguir cobrando, pois nossa fun\u00e7\u00e3o \u00e9 essa de lutar por quem n\u00e3o tem vez e voz, e n\u00e3o ficarmos inertes\u201d, disse Anderson.<\/p>\n<p style=\"text-align: justify;\">O Defensor dos Animais destacou ainda algumas sugest\u00f5es de pol\u00edticas p\u00fablicas para estes animais, como a de ter um local espec\u00edfico para o recolhimento deles ap\u00f3s os resgates e a regulamenta\u00e7\u00e3o da tra\u00e7\u00e3o animal em Caruaru, pauta que j\u00e1 vem se arrastando desde que o edil assumiu uma cadeira na C\u00e2mara Municipal.<\/p>\n<p style=\"text-align: justify;\">\u201cNossa miss\u00e3o \u00e9 trazer dignidade e bem-estar para os animais, dentro do que rege o Direito Animal. Por isso, precisamos que a AMTTC fa\u00e7a a fiscaliza\u00e7\u00e3o, considerando-se o que disp\u00f5e o C\u00f3digo de Tr\u00e2nsito Brasileiro no que diz respeito \u00e0 compet\u00eancia dos Munic\u00edpios para regular o tr\u00e2nsito de animais nas cidades, como, por exemplo, quando estabelece que sejam promovidos o registro, a autoriza\u00e7\u00e3o para condu\u00e7\u00e3o de ve\u00edculos de tra\u00e7\u00e3o animal (carro\u00e7as) e respectivos emplacamentos, tal como imp\u00f5e seu art. 24, incisos II, XVII e XVIII, seu art. 129 e, por fim, o \u00a7 1\u00b0 do seu art. 141\u201d, finaliza. Foto: Divulga\u00e7\u00e3o.<\/p>\n<p style=\"text-align: justify;\">Siga o Instagram do Blog do Edvaldo Magalh\u00e3es e se inscreva no canal do Blog no YouTube.<\/p>\n","protected":false},"excerpt":{"rendered":"<p>Grande refer\u00eancia tamb\u00e9m na luta contra os maus-tratos aos animais de grande porte, o vereador Anderson Correia (PP) voltou a&hellip;<\/p>\n","protected":false},"author":1,"featured_media":89338,"comment_status":"closed","ping_status":"open","sticky":false,"template":"","format":"standard","meta":{"footnotes":""},"categories":[14122],"tags":[25922,2,19532,3406,20],"class_list":["post-89337","post","type-post","status-publish","format-standard","has-post-thumbnail","hentry","category-politica","tag-anderson-correia-volta-a-cobrar-implantacao-de-politicas-publicas-para-animais-de-grande-porte-em-caruaru","tag-blog-do-edvaldo-magalhaes","tag-blog-mais-acessado-e-visualizado-de-caruaru-e-regiao","tag-caruaru","tag-politica"],"_links":{"self":[{"href":"https:\/\/blogdoedvaldomagalhaes.com.br\/index.php\/wp-json\/wp\/v2\/posts\/89337","targetHints":{"allow":["GET"]}}],"collection":[{"href":"https:\/\/blogdoedvaldomagalhaes.com.br\/index.php\/wp-json\/wp\/v2\/posts"}],"about":[{"href":"https:\/\/blogdoedvaldomagalhaes.com.br\/index.php\/wp-json\/wp\/v2\/types\/post"}],"author":[{"embeddable":true,"href":"https:\/\/blogdoedvaldomagalhaes.com.br\/index.php\/wp-json\/wp\/v2\/users\/1"}],"replies":[{"embeddable":true,"href":"https:\/\/blogdoedvaldomagalhaes.com.br\/index.php\/wp-json\/wp\/v2\/comments?post=89337"}],"version-history":[{"count":1,"href":"https:\/\/blogdoedvaldomagalhaes.com.br\/index.php\/wp-json\/wp\/v2\/posts\/89337\/revisions"}],"predecessor-version":[{"id":89339,"href":"https:\/\/blogdoedvaldomagalhaes.com.br\/index.php\/wp-json\/wp\/v2\/posts\/89337\/revisions\/89339"}],"wp:featuredmedia":[{"embeddable":true,"href":"https:\/\/blogdoedvaldomagalhaes.com.br\/index.php\/wp-json\/wp\/v2\/media\/89338"}],"wp:attachment":[{"href":"https:\/\/blogdoedvaldomagalhaes.com.br\/index.php\/wp-json\/wp\/v2\/media?parent=89337"}],"wp:term":[{"taxonomy":"category","embeddable":true,"href":"https:\/\/blogdoedvaldomagalhaes.com.br\/index.php\/wp-json\/wp\/v2\/categories?post=89337"},{"taxonomy":"post_tag","embeddable":true,"href":"https:\/\/blogdoedvaldomagalhaes.com.br\/index.php\/wp-json\/wp\/v2\/tags?post=89337"}],"curies":[{"name":"wp","href":"https:\/\/api.w.org\/{rel}","templated":true}]}}