{"id":89334,"date":"2022-10-25T17:11:03","date_gmt":"2022-10-25T20:11:03","guid":{"rendered":"https:\/\/blogdoedvaldomagalhaes.com.br\/?p=89334"},"modified":"2022-10-25T17:11:04","modified_gmt":"2022-10-25T20:11:04","slug":"outubro-rosa-acao-social-atende-100-mulheres-na-igreja-do-pina","status":"publish","type":"post","link":"https:\/\/blogdoedvaldomagalhaes.com.br\/index.php\/2022\/10\/25\/outubro-rosa-acao-social-atende-100-mulheres-na-igreja-do-pina\/","title":{"rendered":"Outubro Rosa: A\u00e7\u00e3o social atende 100 mulheres na Igreja do Pina"},"content":{"rendered":"<p style=\"text-align: justify;\"><span style=\"font-size: revert; color: initial;\">Uma a\u00e7\u00e3o social organizada pelo movimento Oncologia Com Prop\u00f3sito vai atender, nesta quarta-feira, cerca de 100 moradoras da comunidade no Pina, dentro da campanha do Outubro Rosa. As mulheres, al\u00e9m de serem atendidas por uma equipe de m\u00e9dicos oncologistas volunt\u00e1rios, v\u00e3o receber vouchers para realizar mamografias gratuitas. A a\u00e7\u00e3o acontece das 7h \u00e0s 16h, na Par\u00f3quia Nossa Senhora do Ros\u00e1rio. O Centro Diagn\u00f3stico Lucilo \u00c1vila \u00e9 um dos parceiros da iniciativa.<\/span><\/p>\n<p style=\"text-align: justify;\">&#8220;O Outubro Rosa \u00e9 o m\u00eas da conscientiza\u00e7\u00e3o, do combate e do diagn\u00f3stico precoce contra o c\u00e2ncer de mama, doen\u00e7a que tem cura e preven\u00e7\u00e3o. Vamos procurar levar exames de exames de qualidade para uma popula\u00e7\u00e3o que tem baix\u00edssima renda e pouco acesso ao servi\u00e7o de sa\u00fade, dessa forma vamos agilizar o diagn\u00f3stico\u201d, explica o oncologista Eriberto de Queiroz J\u00fanior, que \u00e9 um dos organizadores da a\u00e7\u00e3o e tamb\u00e9m membro da Sociedade Brasileira de Oncologia Cl\u00ednica (SBOC) no Nordeste.<br \/>\nAs mulheres atendidas foram selecionadas atrav\u00e9s dos funcion\u00e1rios e volunt\u00e1rios da par\u00f3quia. M\u00e9dicos oncologistas examinar\u00e3o as pacientes e, em seguida, as encaminhar\u00e3o para uma das unidades do Centro Lucilo \u00c1vila para fazer os exames de imagem, atrav\u00e9s de vouchers oferecidos gratuitamente.<br \/>\n\u201cCampanhas como o Outubro Rosa s\u00e3o fundamentais porque ampliam o alcance das informa\u00e7\u00f5es, fortalecem a import\u00e2ncia do rastreamento &#8211; que s\u00e3o os exames de rotina e precisam ser feitos antes mesmo de a mulher ter qualquer sintoma &#8211; buscando o diagn\u00f3stico da doen\u00e7a ainda no est\u00e1gio inicial e, portanto, trat\u00e1vel, cur\u00e1vel\u201d, refor\u00e7a a radiologista Mirela \u00c1vila, Diretora M\u00e9dica do Centro Diagn\u00f3stico Lucilo \u00c1vila.<\/p>\n<p><strong>N\u00daMEROS<\/strong><\/p>\n<p>O c\u00e2ncer de mama \u00e9 a primeira causa de morte por c\u00e2ncer na popula\u00e7\u00e3o feminina em quase todas as regi\u00f5es do Brasil, segundo dados atualizados do Instituto Nacional do C\u00e2ncer. A exce\u00e7\u00e3o \u00e9 a regi\u00e3o Norte, com preval\u00eancia do c\u00e2ncer do colo do \u00fatero. Ainda segundo o Inca, a taxa de mortalidade por c\u00e2ncer de mama, referente \u00e0 popula\u00e7\u00e3o mundial, foi 11,84 \u00f3bitos\/100 mil mulheres, em 2020. No Brasil, as maiores taxas est\u00e3o nas regi\u00f5es Sudeste e Sul, com 12,64 e 12,79 \u00f3bitos\/100 mil mulheres, respectivamente (INCA, 2022). Pernambuco tem uma taxa estimada de 12,35 \u00f3bitos para cada 100 mil mulheres.<\/p>\n<p style=\"text-align: justify;\">Na mortalidade proporcional por c\u00e2ncer em mulheres, no per\u00edodo 2016-2020, os \u00f3bitos por c\u00e2ncer de mama ocupam o primeiro lugar no pa\u00eds, representando 16,3% do total. Em 2022, estima-se que ocorrer\u00e3o 66.280 novos casos da doen\u00e7a. Em dados percentuais, a mortalidade proporcional por c\u00e2ncer de mama \u00e9 de 17,2% no Sudeste, 16,8% no Centro-Oeste, 15,6% no Nordeste e 15,5% no Sul. Lembrando ainda que a doen\u00e7a tamb\u00e9m acomete homens, mas com baixa incid\u00eancia &#8211; eles representam cerca de 1% do total de casos.<\/p>\n<p style=\"text-align: justify;\"><strong>DERRUBANDO MITOS<\/strong><\/p>\n<p style=\"text-align: justify;\">\u00c9 importante enfatizar que apenas 15% das pacientes com diagn\u00f3stico de c\u00e2ncer de mama t\u00eam hist\u00f3rico familiar; 85% dos casos n\u00e3o t\u00eam qualquer rela\u00e7\u00e3o com hereditariedade. \u201cO tecido mam\u00e1rio, em si, \u00e9 um tecido de risco\u201d, alerta a radiologista Mirela \u00c1vila. \u201cMuitas pessoas, por medo ou desinforma\u00e7\u00e3o, evitam o assunto e acabam atrasando o diagn\u00f3stico\u201d, avalia. Ela reitera que quanto mais cedo a descoberta, mais chances para o \u00eaxito do tratamento: \u201cA gente passa a ter uma possibilidade imensa de n\u00e3o apenas curar, mas tamb\u00e9m de n\u00e3o precisar de tratamentos mais agressivos&#8221;, acrescenta.<br \/>\nQuando a descoberta se d\u00e1 em est\u00e1gios iniciais, a cura do c\u00e2ncer de mama chega a 95%. Mamografias, para as mulheres com mais de 40 anos, e ultrassonografia, em pacientes mais jovens, devem ser utilizadas na busca por um diagn\u00f3stico precoce. E, mesmo em diagn\u00f3sticos positivos, dependendo do caso, a quimioterapia pode at\u00e9 nem ser necess\u00e1ria, resultando num tratamento mais brando, com a preserva\u00e7\u00e3o da mama, e uma qualidade de vida muito melhor. \u201c\u00c9 sobre perspectivas reais de vida que lidamos quando nos deparamos com diagn\u00f3sticos precoces,\u201d define a radiologista Mirela \u00c1vil. Foto: Divulga\u00e7\u00e3o.<\/p>\n","protected":false},"excerpt":{"rendered":"<p>Uma a\u00e7\u00e3o social organizada pelo movimento Oncologia Com Prop\u00f3sito vai atender, nesta quarta-feira, cerca de 100 moradoras da comunidade no&hellip;<\/p>\n","protected":false},"author":1,"featured_media":89335,"comment_status":"closed","ping_status":"open","sticky":false,"template":"","format":"standard","meta":{"footnotes":""},"categories":[14120],"tags":[2,19532,3406,25921],"class_list":["post-89334","post","type-post","status-publish","format-standard","has-post-thumbnail","hentry","category-noticias","tag-blog-do-edvaldo-magalhaes","tag-blog-mais-acessado-e-visualizado-de-caruaru-e-regiao","tag-caruaru","tag-outubro-rosa-acao-social-atende-100-mulheres-na-igreja-do-pina"],"_links":{"self":[{"href":"https:\/\/blogdoedvaldomagalhaes.com.br\/index.php\/wp-json\/wp\/v2\/posts\/89334","targetHints":{"allow":["GET"]}}],"collection":[{"href":"https:\/\/blogdoedvaldomagalhaes.com.br\/index.php\/wp-json\/wp\/v2\/posts"}],"about":[{"href":"https:\/\/blogdoedvaldomagalhaes.com.br\/index.php\/wp-json\/wp\/v2\/types\/post"}],"author":[{"embeddable":true,"href":"https:\/\/blogdoedvaldomagalhaes.com.br\/index.php\/wp-json\/wp\/v2\/users\/1"}],"replies":[{"embeddable":true,"href":"https:\/\/blogdoedvaldomagalhaes.com.br\/index.php\/wp-json\/wp\/v2\/comments?post=89334"}],"version-history":[{"count":1,"href":"https:\/\/blogdoedvaldomagalhaes.com.br\/index.php\/wp-json\/wp\/v2\/posts\/89334\/revisions"}],"predecessor-version":[{"id":89336,"href":"https:\/\/blogdoedvaldomagalhaes.com.br\/index.php\/wp-json\/wp\/v2\/posts\/89334\/revisions\/89336"}],"wp:featuredmedia":[{"embeddable":true,"href":"https:\/\/blogdoedvaldomagalhaes.com.br\/index.php\/wp-json\/wp\/v2\/media\/89335"}],"wp:attachment":[{"href":"https:\/\/blogdoedvaldomagalhaes.com.br\/index.php\/wp-json\/wp\/v2\/media?parent=89334"}],"wp:term":[{"taxonomy":"category","embeddable":true,"href":"https:\/\/blogdoedvaldomagalhaes.com.br\/index.php\/wp-json\/wp\/v2\/categories?post=89334"},{"taxonomy":"post_tag","embeddable":true,"href":"https:\/\/blogdoedvaldomagalhaes.com.br\/index.php\/wp-json\/wp\/v2\/tags?post=89334"}],"curies":[{"name":"wp","href":"https:\/\/api.w.org\/{rel}","templated":true}]}}