{"id":89328,"date":"2022-10-25T16:13:57","date_gmt":"2022-10-25T19:13:57","guid":{"rendered":"https:\/\/blogdoedvaldomagalhaes.com.br\/?p=89328"},"modified":"2022-10-25T16:13:59","modified_gmt":"2022-10-25T19:13:59","slug":"bebe-prefeito-recebe-chave-da-cidade-das-maos-de-rodrigo-pinheiro","status":"publish","type":"post","link":"https:\/\/blogdoedvaldomagalhaes.com.br\/index.php\/2022\/10\/25\/bebe-prefeito-recebe-chave-da-cidade-das-maos-de-rodrigo-pinheiro\/","title":{"rendered":"Beb\u00ea Prefeito recebe chave da cidade das m\u00e3os de Rodrigo Pinheiro"},"content":{"rendered":"<p style=\"text-align: justify;\"><span style=\"color: initial; font-size: revert;\">Na manh\u00e3 desta ter\u00e7a-feira (25), foi realizada, na Maternidade Municipal Santa Dulce dos Pobres (MMSDP), a diploma\u00e7\u00e3o do Beb\u00ea Prefeito de Caruaru. O t\u00edtulo simb\u00f3lico \u00e9 conferido \u00e0 primeira crian\u00e7a nascida \u00e0s 00h do primeiro dia da Semana do Beb\u00ea, que teve in\u00edcio no \u00faltimo dia 23, na Maternidade Municipal. Essa \u00e9 uma das estrat\u00e9gia de mobiliza\u00e7\u00e3o social do Fundo das Na\u00e7\u00f5es Unidas para a Primeira Inf\u00e2ncia (UNICEF).<\/span><\/p>\n<p style=\"text-align: justify;\">Para receber o t\u00edtulo, a mam\u00e3e precisa ser natural de Caruaru e ter realizado, pelo menos, sete consultas de pr\u00e9-natal. A entrega da chave e do t\u00edtulo foi realizada pelo prefeito da cidade, Rodrigo Pinheiro.<\/p>\n<p style=\"text-align: justify;\">O evento \u00e9 realizado pela Prefeitura de Caruaru, por meio da Secretaria Municipal de Sa\u00fade (SMS), em parceria com a Secretaria de Desenvolvimento Social e Direitos Humanos (SDSDH).<\/p>\n<p style=\"text-align: justify;\">O beb\u00ea que recebeu o t\u00edtulo de prefeito foi o pequeno Daniel Lima Gomes, nascido \u00e0s 10h57 do \u00faltimo domingo (23), com 3, 799 kg. Daniel \u00e9 filho Let\u00edcia Milena Silva, de 24 anos, que realizou todo pr\u00e9-natal na UBS Centen\u00e1rio. Durante a gesta\u00e7\u00e3o, Let\u00edcia foi acompanhada pelo Programa Crian\u00e7a Feliz. O programa foi institu\u00eddo por meio do Decreto n\u00ba 8.869, de 5 de outubro de 2016, alterado pelo Decreto n\u00ba 9.579, de 22 de novembro de 2018 e tem a finalidade de promover o desenvolvimento integral das crian\u00e7as na primeira inf\u00e2ncia, considerando sua fam\u00edlia e seu contexto de vida.<\/p>\n<p style=\"text-align: justify;\">\u201cEstamos comemorando a Semana do Beb\u00ea de uma maneira muito especial. Este ano, na nova Maternidade Municipal de Caruaru, com a\u00e7\u00f5es integradas em parceria com v\u00e1rias secretarias do governo com objetivo comum de investir na primeira inf\u00e2ncia, desde o pr\u00e9-natal at\u00e9 ap\u00f3s o nascimento do beb\u00ea\u201d, disse o prefeito de Caruaru, Rodrigo Pinheiro.<\/p>\n<p style=\"text-align: justify;\">A Semana do Beb\u00ea \u00e9 uma das principais estrat\u00e9gias da UNICEF para assegurar \u00e0 aten\u00e7\u00e3o adequada a crian\u00e7as de at\u00e9 6 anos de idade e tem como objetivo tornar o direito \u00e0 sobreviv\u00eancia e ao desenvolvimento infantil uma prioridade na agenda dos munic\u00edpios brasileiros. Al\u00e9m disso, a Semana do Beb\u00ea conta ainda com o apoio das Secretarias de Sa\u00fade, de Pol\u00edtica para Mulheres, de Educa\u00e7\u00e3o, de Planejamento e Gest\u00e3o e do Programa Crian\u00e7a Feliz.<\/p>\n<p style=\"text-align: justify;\">A cada edi\u00e7\u00e3o, que acontece anualmente, ocorrem discuss\u00f5es sobre temas como: mortalidade infantil; aleitamento materno; gravidez na adolesc\u00eancia; forma\u00e7\u00e3o de v\u00ednculo e estimula\u00e7\u00e3o do beb\u00ea, por meio da organiza\u00e7\u00e3o de oficinas; atividades l\u00fadicas e culturais.<\/p>\n<p style=\"text-align: justify;\"><strong>BrincaAR Livre<\/strong><\/p>\n<p style=\"text-align: justify;\">Entre as a\u00e7\u00f5es realizadas em alus\u00e3o a Semana do Beb\u00ea est\u00e1 a entrega de um \u201cpan\u00e3o\u201d, tecido customizado, utilizado para incentivar o desenvolvimento das crian\u00e7as e promover brincadeiras ao ar livre nas \u00e1reas abertas da cidade, como parques e pra\u00e7as.<\/p>\n<p style=\"text-align: justify;\">O BrincAR Livre faz parte da Urban95, rede que visa incluir a perspectiva de beb\u00eas, crian\u00e7as pequenas e seus cuidadores no planejamento urbano, nas estrat\u00e9gias de mobilidade e nos programas e servi\u00e7os destinados a eles, da qual o munic\u00edpio faz parte. A entrega do pan\u00e3o foi realizada pela equipe da Secretaria de Planejamento e Gest\u00e3o (Seplag).\u00a0<\/p>\n<p style=\"text-align: justify;\">Siga o Instagram do Blog do Edvaldo Magalh\u00e3es e se inscreva no canal do Blog no YouTube.<\/p>\n\n\n<figure class=\"wp-block-image size-large\"><img loading=\"lazy\" decoding=\"async\" width=\"1024\" height=\"768\" src=\"https:\/\/blogdoedvaldomagalhaes.com.br\/wp-content\/uploads\/2022\/10\/IMG-20221025-WA0121-1024x768.jpg\" alt=\"\" class=\"wp-image-89330\" srcset=\"https:\/\/blogdoedvaldomagalhaes.com.br\/wp-content\/uploads\/2022\/10\/IMG-20221025-WA0121-1024x768.jpg 1024w, https:\/\/blogdoedvaldomagalhaes.com.br\/wp-content\/uploads\/2022\/10\/IMG-20221025-WA0121-300x225.jpg 300w, https:\/\/blogdoedvaldomagalhaes.com.br\/wp-content\/uploads\/2022\/10\/IMG-20221025-WA0121-768x576.jpg 768w, https:\/\/blogdoedvaldomagalhaes.com.br\/wp-content\/uploads\/2022\/10\/IMG-20221025-WA0121-1536x1152.jpg 1536w, https:\/\/blogdoedvaldomagalhaes.com.br\/wp-content\/uploads\/2022\/10\/IMG-20221025-WA0121-160x120.jpg 160w, https:\/\/blogdoedvaldomagalhaes.com.br\/wp-content\/uploads\/2022\/10\/IMG-20221025-WA0121.jpg 1600w\" sizes=\"auto, (max-width: 1024px) 100vw, 1024px\" \/><\/figure>\n\n\n\n<figure class=\"wp-block-image size-large\"><img loading=\"lazy\" decoding=\"async\" width=\"1024\" height=\"682\" src=\"https:\/\/blogdoedvaldomagalhaes.com.br\/wp-content\/uploads\/2022\/10\/IMG-20221025-WA0118-1024x682.jpg\" alt=\"\" class=\"wp-image-89331\" srcset=\"https:\/\/blogdoedvaldomagalhaes.com.br\/wp-content\/uploads\/2022\/10\/IMG-20221025-WA0118-1024x682.jpg 1024w, https:\/\/blogdoedvaldomagalhaes.com.br\/wp-content\/uploads\/2022\/10\/IMG-20221025-WA0118-300x200.jpg 300w, https:\/\/blogdoedvaldomagalhaes.com.br\/wp-content\/uploads\/2022\/10\/IMG-20221025-WA0118-768x512.jpg 768w, https:\/\/blogdoedvaldomagalhaes.com.br\/wp-content\/uploads\/2022\/10\/IMG-20221025-WA0118.jpg 1280w\" sizes=\"auto, (max-width: 1024px) 100vw, 1024px\" \/><\/figure>\n\n\n\n<figure class=\"wp-block-image size-large\"><img loading=\"lazy\" decoding=\"async\" width=\"1024\" height=\"682\" src=\"https:\/\/blogdoedvaldomagalhaes.com.br\/wp-content\/uploads\/2022\/10\/IMG-20221025-WA0120-1024x682.jpg\" alt=\"\" class=\"wp-image-89332\" srcset=\"https:\/\/blogdoedvaldomagalhaes.com.br\/wp-content\/uploads\/2022\/10\/IMG-20221025-WA0120-1024x682.jpg 1024w, https:\/\/blogdoedvaldomagalhaes.com.br\/wp-content\/uploads\/2022\/10\/IMG-20221025-WA0120-300x200.jpg 300w, https:\/\/blogdoedvaldomagalhaes.com.br\/wp-content\/uploads\/2022\/10\/IMG-20221025-WA0120-768x512.jpg 768w, https:\/\/blogdoedvaldomagalhaes.com.br\/wp-content\/uploads\/2022\/10\/IMG-20221025-WA0120.jpg 1280w\" sizes=\"auto, (max-width: 1024px) 100vw, 1024px\" \/><figcaption>Fotos: Prefeitura de Caruaru<\/figcaption><\/figure>\n","protected":false},"excerpt":{"rendered":"<p>Na manh\u00e3 desta ter\u00e7a-feira (25), foi realizada, na Maternidade Municipal Santa Dulce dos Pobres (MMSDP), a diploma\u00e7\u00e3o do Beb\u00ea Prefeito&hellip;<\/p>\n","protected":false},"author":1,"featured_media":89329,"comment_status":"closed","ping_status":"open","sticky":false,"template":"","format":"standard","meta":{"footnotes":""},"categories":[14120],"tags":[25920,2,19532,3406,20],"class_list":["post-89328","post","type-post","status-publish","format-standard","has-post-thumbnail","hentry","category-noticias","tag-bebe-prefeito-recebe-chave-da-cidade-das-maos-de-rodrigo-pinheiro","tag-blog-do-edvaldo-magalhaes","tag-blog-mais-acessado-e-visualizado-de-caruaru-e-regiao","tag-caruaru","tag-politica"],"_links":{"self":[{"href":"https:\/\/blogdoedvaldomagalhaes.com.br\/index.php\/wp-json\/wp\/v2\/posts\/89328","targetHints":{"allow":["GET"]}}],"collection":[{"href":"https:\/\/blogdoedvaldomagalhaes.com.br\/index.php\/wp-json\/wp\/v2\/posts"}],"about":[{"href":"https:\/\/blogdoedvaldomagalhaes.com.br\/index.php\/wp-json\/wp\/v2\/types\/post"}],"author":[{"embeddable":true,"href":"https:\/\/blogdoedvaldomagalhaes.com.br\/index.php\/wp-json\/wp\/v2\/users\/1"}],"replies":[{"embeddable":true,"href":"https:\/\/blogdoedvaldomagalhaes.com.br\/index.php\/wp-json\/wp\/v2\/comments?post=89328"}],"version-history":[{"count":1,"href":"https:\/\/blogdoedvaldomagalhaes.com.br\/index.php\/wp-json\/wp\/v2\/posts\/89328\/revisions"}],"predecessor-version":[{"id":89333,"href":"https:\/\/blogdoedvaldomagalhaes.com.br\/index.php\/wp-json\/wp\/v2\/posts\/89328\/revisions\/89333"}],"wp:featuredmedia":[{"embeddable":true,"href":"https:\/\/blogdoedvaldomagalhaes.com.br\/index.php\/wp-json\/wp\/v2\/media\/89329"}],"wp:attachment":[{"href":"https:\/\/blogdoedvaldomagalhaes.com.br\/index.php\/wp-json\/wp\/v2\/media?parent=89328"}],"wp:term":[{"taxonomy":"category","embeddable":true,"href":"https:\/\/blogdoedvaldomagalhaes.com.br\/index.php\/wp-json\/wp\/v2\/categories?post=89328"},{"taxonomy":"post_tag","embeddable":true,"href":"https:\/\/blogdoedvaldomagalhaes.com.br\/index.php\/wp-json\/wp\/v2\/tags?post=89328"}],"curies":[{"name":"wp","href":"https:\/\/api.w.org\/{rel}","templated":true}]}}