{"id":893,"date":"2018-10-26T02:16:00","date_gmt":"2018-10-26T04:16:00","guid":{"rendered":"http:\/\/blogdoedvaldomagalhaes.com.br\/index.php\/2018\/10\/26\/vitima-de-fake-news-em-caruaru-registra\/"},"modified":"2019-02-09T02:37:00","modified_gmt":"2019-02-09T04:37:00","slug":"vitima-de-fake-news-em-caruaru-registra","status":"publish","type":"post","link":"https:\/\/blogdoedvaldomagalhaes.com.br\/index.php\/2018\/10\/26\/vitima-de-fake-news-em-caruaru-registra\/","title":{"rendered":"V\u00edtima de fake news em Caruaru registra B.O. ap\u00f3s divulga\u00e7\u00e3o de fotos em redes sociais acusado-o de ser tarado"},"content":{"rendered":"<div class=\"separator\" style=\"clear: both; text-align: center;\">\n<a href=\"https:\/\/4.bp.blogspot.com\/-kRcw4fR_IP0\/W9J1AAWAfdI\/AAAAAAAA8ac\/hQ9ZbQ4n9C07nQNnaBzxfHIPqODUALtmwCLcBGAs\/s1600\/ele.jpg\" imageanchor=\"1\" style=\"margin-left: 1em; margin-right: 1em;\"><img loading=\"lazy\" decoding=\"async\" border=\"0\" data-original-height=\"640\" data-original-width=\"480\" height=\"640\" src=\"http:\/\/blogdoedvaldomagalhaes.com.br\/wp-content\/uploads\/2018\/10\/ele-4.jpg\" width=\"480\" \/><\/a><\/div>\n<div class=\"separator\" style=\"clear: both; text-align: center;\">\nFoto: Kalebe Pereira<\/div>\n<p><\/p>\n<div style=\"text-align: justify;\">\nBastante preocupado e com medo de algo ruim acontecer contra sua integridade f\u00edsica e moral, o cidad\u00e3o conhecido por &#8220;Branquinho&#8221;, residente no bairro do S\u00e3o Jo\u00e3o da Esc\u00f3cia, em Caruaru, procurou a Delegacia de Plant\u00e3o, nesta noite desta quinta-feira (25) para prestar um Boletim de Ocorr\u00eancia &#8211; BO.<\/div>\n<div style=\"text-align: justify;\">\n<\/div>\n<div style=\"text-align: justify;\">\nCristiano Lopes da Silva, de 35 anos de idade, ficou&nbsp; sabendo atrav\u00e9s de amigos e vizinhos, que sua imagem estava sendo divulgada nas redes sociais com alega\u00e7\u00f5es levianas, relatando que o mesmo havia tentado estuprar uma mulher no bairro Rendeiras, em Caruaru.<\/div>\n<div style=\"text-align: justify;\">\n<\/div>\n<div class=\"separator\" style=\"clear: both; text-align: center;\">\n<a href=\"https:\/\/2.bp.blogspot.com\/-cpg3Oy7-cDw\/W9J3DnAh34I\/AAAAAAAA8ao\/LGFtbdVtTlopx0tzCX-fDVCwJC05hqtwQCLcBGAs\/s1600\/t%25C3%25A1.jpg\" imageanchor=\"1\" style=\"margin-left: 1em; margin-right: 1em;\"><img loading=\"lazy\" decoding=\"async\" border=\"0\" data-original-height=\"1280\" data-original-width=\"1009\" height=\"640\" src=\"http:\/\/blogdoedvaldomagalhaes.com.br\/wp-content\/uploads\/2018\/10\/tC3A1-2.jpg\" width=\"504\" \/><\/a><\/div>\n<div style=\"background-color: white; text-align: center;\">\n<b>Print das divulga\u00e7\u00e3o nos grupos de Watssap<\/b><\/div>\n<div style=\"background-color: white; text-align: center;\">\n<b><br \/><\/b><\/div>\n<div style=\"text-align: justify;\">\nEm v\u00e1rios grupos est\u00e3o&nbsp; sendo divulgadas a imagem e o texto (acima). A investiga\u00e7\u00e3o est\u00e1 agora com a Pol\u00edcia Civil.<\/div>\n<div style=\"text-align: justify;\">\n<\/div>\n<div style=\"text-align: justify;\">\n&#8220;Eu procurei as medidas corretas, atrav\u00e9s da autoridade policial. Registrei um Boletim de Ocorr\u00eancia&nbsp; na Delegacia, e tenho f\u00e9 em Deus, que a Pol\u00edcia com as investiga\u00e7\u00f5es, chegar\u00e1 em quem fez isso, pois estava trabalhando e fiquei&nbsp; sabendo dessa situa\u00e7\u00e3o atrav\u00e9s de amigos e vizinhos&#8221;, relatou Cristiano Lopes da Silva (Branquinho).<\/div>\n<div style=\"text-align: justify;\">\n<\/div>\n<div style=\"text-align: justify;\">\n<\/div>\n<div style=\"text-align: justify;\">\n<\/div>\n","protected":false},"excerpt":{"rendered":"<p>Foto: Kalebe Pereira Bastante preocupado e com medo de algo ruim acontecer contra sua integridade f\u00edsica e moral, o cidad\u00e3o&hellip;<\/p>\n","protected":false},"author":1,"featured_media":0,"comment_status":"open","ping_status":"open","sticky":false,"template":"","format":"standard","meta":{"footnotes":""},"categories":[1],"tags":[2,13,843],"class_list":["post-893","post","type-post","status-publish","format-standard","hentry","category-sem-categoria","tag-blog-do-edvaldo-magalhaes","tag-policial","tag-vitima-de-fake-news-em-caruaru-registra-b-o-apos-divulgacao-de-fotos-em-redes-sociais-acusado-o-de-ser-tarado"],"_links":{"self":[{"href":"https:\/\/blogdoedvaldomagalhaes.com.br\/index.php\/wp-json\/wp\/v2\/posts\/893","targetHints":{"allow":["GET"]}}],"collection":[{"href":"https:\/\/blogdoedvaldomagalhaes.com.br\/index.php\/wp-json\/wp\/v2\/posts"}],"about":[{"href":"https:\/\/blogdoedvaldomagalhaes.com.br\/index.php\/wp-json\/wp\/v2\/types\/post"}],"author":[{"embeddable":true,"href":"https:\/\/blogdoedvaldomagalhaes.com.br\/index.php\/wp-json\/wp\/v2\/users\/1"}],"replies":[{"embeddable":true,"href":"https:\/\/blogdoedvaldomagalhaes.com.br\/index.php\/wp-json\/wp\/v2\/comments?post=893"}],"version-history":[{"count":1,"href":"https:\/\/blogdoedvaldomagalhaes.com.br\/index.php\/wp-json\/wp\/v2\/posts\/893\/revisions"}],"predecessor-version":[{"id":35275,"href":"https:\/\/blogdoedvaldomagalhaes.com.br\/index.php\/wp-json\/wp\/v2\/posts\/893\/revisions\/35275"}],"wp:attachment":[{"href":"https:\/\/blogdoedvaldomagalhaes.com.br\/index.php\/wp-json\/wp\/v2\/media?parent=893"}],"wp:term":[{"taxonomy":"category","embeddable":true,"href":"https:\/\/blogdoedvaldomagalhaes.com.br\/index.php\/wp-json\/wp\/v2\/categories?post=893"},{"taxonomy":"post_tag","embeddable":true,"href":"https:\/\/blogdoedvaldomagalhaes.com.br\/index.php\/wp-json\/wp\/v2\/tags?post=893"}],"curies":[{"name":"wp","href":"https:\/\/api.w.org\/{rel}","templated":true}]}}