{"id":89283,"date":"2022-10-24T17:03:31","date_gmt":"2022-10-24T20:03:31","guid":{"rendered":"https:\/\/blogdoedvaldomagalhaes.com.br\/?p=89283"},"modified":"2022-10-24T17:03:32","modified_gmt":"2022-10-24T20:03:32","slug":"procurado-por-homicidio-em-alagoas-e-preso-pela-prf-na-br-232","status":"publish","type":"post","link":"https:\/\/blogdoedvaldomagalhaes.com.br\/index.php\/2022\/10\/24\/procurado-por-homicidio-em-alagoas-e-preso-pela-prf-na-br-232\/","title":{"rendered":"Procurado por homic\u00eddio em Alagoas, \u00e9 preso pela PRF na BR 232"},"content":{"rendered":"<p style=\"text-align: justify;\">A Pol\u00edcia Rodovi\u00e1ria Federal (PRF) cumpriu, neste domingo (23) um mandado de pris\u00e3o expedido pela 3\u00aa Vara Criminal de Rio Largo, em Alagoas. O documento determina a pris\u00e3o preventiva de um homem pelo crime de homic\u00eddio, artigo 121 do C\u00f3digo Penal. Esse homem foi abordado pela equipe policial durante fiscaliza\u00e7\u00e3o de rotina no km 405 da BR-232, em Serra Talhada.<\/p>\n<p style=\"text-align: justify;\">O foragido conduzia uma motocicleta Honda\/CB quando recebeu ordem de parada dos PRFs. Foi a consulta aos sistemas que apontou a exist\u00eancia do mandado de pris\u00e3o. Ele foi encaminhado para a Pol\u00edcia Civil. A motocicleta foi recolhida ao p\u00e1tio conveniado ap\u00f3s ficar constato licenciamento vencido. Foto: Divulga\u00e7\u00e3o\/PRF.<\/p>\n<p style=\"text-align: justify;\">Siga o Instagram do Blog do Edvaldo Magalh\u00e3es e se inscreva no canal do Blog no YouTube.<\/p>\n","protected":false},"excerpt":{"rendered":"<p>A Pol\u00edcia Rodovi\u00e1ria Federal (PRF) cumpriu, neste domingo (23) um mandado de pris\u00e3o expedido pela 3\u00aa Vara Criminal de Rio&hellip;<\/p>\n","protected":false},"author":1,"featured_media":89284,"comment_status":"closed","ping_status":"open","sticky":false,"template":"","format":"standard","meta":{"footnotes":""},"categories":[14121],"tags":[2,19532,3406,25911],"class_list":["post-89283","post","type-post","status-publish","format-standard","has-post-thumbnail","hentry","category-policial","tag-blog-do-edvaldo-magalhaes","tag-blog-mais-acessado-e-visualizado-de-caruaru-e-regiao","tag-caruaru","tag-procurado-por-homicidio-em-alagoas-e-preso-pela-prf-na-br-232"],"_links":{"self":[{"href":"https:\/\/blogdoedvaldomagalhaes.com.br\/index.php\/wp-json\/wp\/v2\/posts\/89283","targetHints":{"allow":["GET"]}}],"collection":[{"href":"https:\/\/blogdoedvaldomagalhaes.com.br\/index.php\/wp-json\/wp\/v2\/posts"}],"about":[{"href":"https:\/\/blogdoedvaldomagalhaes.com.br\/index.php\/wp-json\/wp\/v2\/types\/post"}],"author":[{"embeddable":true,"href":"https:\/\/blogdoedvaldomagalhaes.com.br\/index.php\/wp-json\/wp\/v2\/users\/1"}],"replies":[{"embeddable":true,"href":"https:\/\/blogdoedvaldomagalhaes.com.br\/index.php\/wp-json\/wp\/v2\/comments?post=89283"}],"version-history":[{"count":1,"href":"https:\/\/blogdoedvaldomagalhaes.com.br\/index.php\/wp-json\/wp\/v2\/posts\/89283\/revisions"}],"predecessor-version":[{"id":89285,"href":"https:\/\/blogdoedvaldomagalhaes.com.br\/index.php\/wp-json\/wp\/v2\/posts\/89283\/revisions\/89285"}],"wp:featuredmedia":[{"embeddable":true,"href":"https:\/\/blogdoedvaldomagalhaes.com.br\/index.php\/wp-json\/wp\/v2\/media\/89284"}],"wp:attachment":[{"href":"https:\/\/blogdoedvaldomagalhaes.com.br\/index.php\/wp-json\/wp\/v2\/media?parent=89283"}],"wp:term":[{"taxonomy":"category","embeddable":true,"href":"https:\/\/blogdoedvaldomagalhaes.com.br\/index.php\/wp-json\/wp\/v2\/categories?post=89283"},{"taxonomy":"post_tag","embeddable":true,"href":"https:\/\/blogdoedvaldomagalhaes.com.br\/index.php\/wp-json\/wp\/v2\/tags?post=89283"}],"curies":[{"name":"wp","href":"https:\/\/api.w.org\/{rel}","templated":true}]}}