{"id":89278,"date":"2022-10-24T14:40:33","date_gmt":"2022-10-24T17:40:33","guid":{"rendered":"https:\/\/blogdoedvaldomagalhaes.com.br\/?p=89278"},"modified":"2022-10-24T14:40:34","modified_gmt":"2022-10-24T17:40:34","slug":"duplo-homicidio-jovens-sao-amarrados-e-assassinados-a-tiros-em-sao-caitano","status":"publish","type":"post","link":"https:\/\/blogdoedvaldomagalhaes.com.br\/index.php\/2022\/10\/24\/duplo-homicidio-jovens-sao-amarrados-e-assassinados-a-tiros-em-sao-caitano\/","title":{"rendered":"Duplo homic\u00eddio: Jovens s\u00e3o amarrados e assassinados a tiros em S\u00e3o Caitano"},"content":{"rendered":"<p style=\"text-align: justify;\">A Pol\u00edcia Militar recebeu a informa\u00e7\u00e3o na manh\u00e3 desta segunda-feira (24), que populares encontraram dois corpos em uma estrada vicinal no sitio Gamboa, no munic\u00edpio de S\u00e3o Caitano, no Agreste de Pernambuco. Ao chegar no local, a pol\u00edcia identificou as v\u00edtimas como sendo Pedro Jos\u00e9 do Nascimento e Jos\u00e9 Gutemberg Duarte da Silva.<\/p>\n<p style=\"text-align: justify;\">Os corpos da v\u00edtimas estavam com as m\u00e3os amarradas e com v\u00e1rias perfura\u00e7\u00f5es de tiros na regi\u00e3o da cabe\u00e7a e costas. A autoria e a motiva\u00e7\u00e3o s\u00e3o desconhecidas. Os corpos foram encaminhados para o IML de Caruaru. Fotos: Reprodu\u00e7\u00e3o\/Redes Sociais.<\/p>\n<p style=\"text-align: justify;\">Siga o Instagram do Blog do Edvaldo Magalh\u00e3es e se inscreva no canal do Blog no YouTub.<\/p>\n","protected":false},"excerpt":{"rendered":"<p>A Pol\u00edcia Militar recebeu a informa\u00e7\u00e3o na manh\u00e3 desta segunda-feira (24), que populares encontraram dois corpos em uma estrada vicinal&hellip;<\/p>\n","protected":false},"author":1,"featured_media":89279,"comment_status":"closed","ping_status":"open","sticky":false,"template":"","format":"standard","meta":{"footnotes":""},"categories":[14121],"tags":[2,19532,3406,25910],"class_list":["post-89278","post","type-post","status-publish","format-standard","has-post-thumbnail","hentry","category-policial","tag-blog-do-edvaldo-magalhaes","tag-blog-mais-acessado-e-visualizado-de-caruaru-e-regiao","tag-caruaru","tag-duplo-homicidio-jovens-sao-amarrados-e-assassinados-a-tiros-em-sao-caitano"],"_links":{"self":[{"href":"https:\/\/blogdoedvaldomagalhaes.com.br\/index.php\/wp-json\/wp\/v2\/posts\/89278","targetHints":{"allow":["GET"]}}],"collection":[{"href":"https:\/\/blogdoedvaldomagalhaes.com.br\/index.php\/wp-json\/wp\/v2\/posts"}],"about":[{"href":"https:\/\/blogdoedvaldomagalhaes.com.br\/index.php\/wp-json\/wp\/v2\/types\/post"}],"author":[{"embeddable":true,"href":"https:\/\/blogdoedvaldomagalhaes.com.br\/index.php\/wp-json\/wp\/v2\/users\/1"}],"replies":[{"embeddable":true,"href":"https:\/\/blogdoedvaldomagalhaes.com.br\/index.php\/wp-json\/wp\/v2\/comments?post=89278"}],"version-history":[{"count":1,"href":"https:\/\/blogdoedvaldomagalhaes.com.br\/index.php\/wp-json\/wp\/v2\/posts\/89278\/revisions"}],"predecessor-version":[{"id":89280,"href":"https:\/\/blogdoedvaldomagalhaes.com.br\/index.php\/wp-json\/wp\/v2\/posts\/89278\/revisions\/89280"}],"wp:featuredmedia":[{"embeddable":true,"href":"https:\/\/blogdoedvaldomagalhaes.com.br\/index.php\/wp-json\/wp\/v2\/media\/89279"}],"wp:attachment":[{"href":"https:\/\/blogdoedvaldomagalhaes.com.br\/index.php\/wp-json\/wp\/v2\/media?parent=89278"}],"wp:term":[{"taxonomy":"category","embeddable":true,"href":"https:\/\/blogdoedvaldomagalhaes.com.br\/index.php\/wp-json\/wp\/v2\/categories?post=89278"},{"taxonomy":"post_tag","embeddable":true,"href":"https:\/\/blogdoedvaldomagalhaes.com.br\/index.php\/wp-json\/wp\/v2\/tags?post=89278"}],"curies":[{"name":"wp","href":"https:\/\/api.w.org\/{rel}","templated":true}]}}