{"id":89266,"date":"2022-10-23T13:23:33","date_gmt":"2022-10-23T16:23:33","guid":{"rendered":"https:\/\/blogdoedvaldomagalhaes.com.br\/?p=89266"},"modified":"2022-10-23T13:23:35","modified_gmt":"2022-10-23T16:23:35","slug":"guarda-municipal-de-caruaru-recolhe-moto-roubada-no-centro-da-cidade","status":"publish","type":"post","link":"https:\/\/blogdoedvaldomagalhaes.com.br\/index.php\/2022\/10\/23\/guarda-municipal-de-caruaru-recolhe-moto-roubada-no-centro-da-cidade\/","title":{"rendered":"Guarda Municipal de Caruaru recolhe moto roubada no centro da cidade"},"content":{"rendered":"<p style=\"text-align: justify;\"><span style=\"font-size: revert; color: initial;\">A Guarda Municipal de Caruaru (GM), na noite desse s\u00e1bado (22), recebeu a informa\u00e7\u00e3o de uma moto abandonada na 1\u00b0 Travessa Saldanha da Gama, no Centro da cidade. Uma equipe da GM foi at\u00e9 o local e constatou a veracidade da informa\u00e7\u00e3o, ap\u00f3s consulta eletr\u00f4nica, foi verificado que o ve\u00edculo estava com restri\u00e7\u00e3o de roubo.<\/span><\/p>\n<p style=\"text-align: justify;\">A moto foi recolhida e entregue \u00e0 Delegacia Regional de Plant\u00e3o, com o objetivo de identificar o propriet\u00e1rio.<\/p>\n<p style=\"text-align: justify;\">Se inscreva no canal do Blog do Edvaldo Magalh\u00e3es no YouTube e siga no Instagram.<\/p>\n\n\n<figure class=\"wp-block-image size-large\"><img loading=\"lazy\" decoding=\"async\" width=\"1024\" height=\"768\" src=\"https:\/\/blogdoedvaldomagalhaes.com.br\/wp-content\/uploads\/2022\/10\/IMG-20221023-WA0034-1024x768.jpg\" alt=\"\" class=\"wp-image-89268\" srcset=\"https:\/\/blogdoedvaldomagalhaes.com.br\/wp-content\/uploads\/2022\/10\/IMG-20221023-WA0034-1024x768.jpg 1024w, https:\/\/blogdoedvaldomagalhaes.com.br\/wp-content\/uploads\/2022\/10\/IMG-20221023-WA0034-300x225.jpg 300w, https:\/\/blogdoedvaldomagalhaes.com.br\/wp-content\/uploads\/2022\/10\/IMG-20221023-WA0034-768x576.jpg 768w, https:\/\/blogdoedvaldomagalhaes.com.br\/wp-content\/uploads\/2022\/10\/IMG-20221023-WA0034-160x120.jpg 160w, https:\/\/blogdoedvaldomagalhaes.com.br\/wp-content\/uploads\/2022\/10\/IMG-20221023-WA0034.jpg 1280w\" sizes=\"auto, (max-width: 1024px) 100vw, 1024px\" \/><figcaption>Fotos: Divulga\u00e7\u00e3o<\/figcaption><\/figure>\n","protected":false},"excerpt":{"rendered":"<p>A Guarda Municipal de Caruaru (GM), na noite desse s\u00e1bado (22), recebeu a informa\u00e7\u00e3o de uma moto abandonada na 1\u00b0&hellip;<\/p>\n","protected":false},"author":1,"featured_media":89267,"comment_status":"closed","ping_status":"open","sticky":false,"template":"","format":"standard","meta":{"footnotes":""},"categories":[14120],"tags":[2,19532,3406,25909],"class_list":["post-89266","post","type-post","status-publish","format-standard","has-post-thumbnail","hentry","category-noticias","tag-blog-do-edvaldo-magalhaes","tag-blog-mais-acessado-e-visualizado-de-caruaru-e-regiao","tag-caruaru","tag-guarda-municipal-de-caruaru-recolhe-moto-roubada-no-centro-da-cidade"],"_links":{"self":[{"href":"https:\/\/blogdoedvaldomagalhaes.com.br\/index.php\/wp-json\/wp\/v2\/posts\/89266","targetHints":{"allow":["GET"]}}],"collection":[{"href":"https:\/\/blogdoedvaldomagalhaes.com.br\/index.php\/wp-json\/wp\/v2\/posts"}],"about":[{"href":"https:\/\/blogdoedvaldomagalhaes.com.br\/index.php\/wp-json\/wp\/v2\/types\/post"}],"author":[{"embeddable":true,"href":"https:\/\/blogdoedvaldomagalhaes.com.br\/index.php\/wp-json\/wp\/v2\/users\/1"}],"replies":[{"embeddable":true,"href":"https:\/\/blogdoedvaldomagalhaes.com.br\/index.php\/wp-json\/wp\/v2\/comments?post=89266"}],"version-history":[{"count":1,"href":"https:\/\/blogdoedvaldomagalhaes.com.br\/index.php\/wp-json\/wp\/v2\/posts\/89266\/revisions"}],"predecessor-version":[{"id":89269,"href":"https:\/\/blogdoedvaldomagalhaes.com.br\/index.php\/wp-json\/wp\/v2\/posts\/89266\/revisions\/89269"}],"wp:featuredmedia":[{"embeddable":true,"href":"https:\/\/blogdoedvaldomagalhaes.com.br\/index.php\/wp-json\/wp\/v2\/media\/89267"}],"wp:attachment":[{"href":"https:\/\/blogdoedvaldomagalhaes.com.br\/index.php\/wp-json\/wp\/v2\/media?parent=89266"}],"wp:term":[{"taxonomy":"category","embeddable":true,"href":"https:\/\/blogdoedvaldomagalhaes.com.br\/index.php\/wp-json\/wp\/v2\/categories?post=89266"},{"taxonomy":"post_tag","embeddable":true,"href":"https:\/\/blogdoedvaldomagalhaes.com.br\/index.php\/wp-json\/wp\/v2\/tags?post=89266"}],"curies":[{"name":"wp","href":"https:\/\/api.w.org\/{rel}","templated":true}]}}