{"id":89258,"date":"2022-10-22T16:52:34","date_gmt":"2022-10-22T19:52:34","guid":{"rendered":"https:\/\/blogdoedvaldomagalhaes.com.br\/?p=89258"},"modified":"2022-10-22T16:52:35","modified_gmt":"2022-10-22T19:52:35","slug":"marilia-arraes-participa-de-carreata-com-vereadores-do-recife-e-joao-paulo-deputado-estadual","status":"publish","type":"post","link":"https:\/\/blogdoedvaldomagalhaes.com.br\/index.php\/2022\/10\/22\/marilia-arraes-participa-de-carreata-com-vereadores-do-recife-e-joao-paulo-deputado-estadual\/","title":{"rendered":"Mar\u00edlia Arraes participa de carreata com vereadores do Recife e Jo\u00e3o Paulo, deputado estadual"},"content":{"rendered":"<p style=\"text-align: justify;\"><span style=\"font-size: revert; color: initial;\">A candidata ao Governo de Pernambuco, Mar\u00edlia Arraes, participou, no in\u00edcio da tarde deste s\u00e1bado, de uma carreata no bairro do Ibura, na Zona Sul do Recife.<\/span><\/p>\n<p style=\"text-align: justify;\">Mar\u00edlia, que mais cedo participou de uma plen\u00e1ria promovida pelo deputado estadual Wanderson Flor\u00eancio, participou da carreata com o deputado estadual Jo\u00e3o Paulo, ex-prefeito do Recife, com os vereadores Wilton Brito e Samuel Salazar, e com o ex-vereador Benjamim da Sa\u00fade.<\/p>\n","protected":false},"excerpt":{"rendered":"<p>A candidata ao Governo de Pernambuco, Mar\u00edlia Arraes, participou, no in\u00edcio da tarde deste s\u00e1bado, de uma carreata no bairro&hellip;<\/p>\n","protected":false},"author":1,"featured_media":89259,"comment_status":"closed","ping_status":"open","sticky":false,"template":"","format":"standard","meta":{"footnotes":""},"categories":[14122],"tags":[2,19532,3406,19613,25907],"class_list":["post-89258","post","type-post","status-publish","format-standard","has-post-thumbnail","hentry","category-politica","tag-blog-do-edvaldo-magalhaes","tag-blog-mais-acessado-e-visualizado-de-caruaru-e-regiao","tag-caruaru","tag-eleicoes","tag-marilia-arraes-participa-de-carreata-com-vereadores-do-recife-e-joao-paulo-deputado-estadual"],"_links":{"self":[{"href":"https:\/\/blogdoedvaldomagalhaes.com.br\/index.php\/wp-json\/wp\/v2\/posts\/89258","targetHints":{"allow":["GET"]}}],"collection":[{"href":"https:\/\/blogdoedvaldomagalhaes.com.br\/index.php\/wp-json\/wp\/v2\/posts"}],"about":[{"href":"https:\/\/blogdoedvaldomagalhaes.com.br\/index.php\/wp-json\/wp\/v2\/types\/post"}],"author":[{"embeddable":true,"href":"https:\/\/blogdoedvaldomagalhaes.com.br\/index.php\/wp-json\/wp\/v2\/users\/1"}],"replies":[{"embeddable":true,"href":"https:\/\/blogdoedvaldomagalhaes.com.br\/index.php\/wp-json\/wp\/v2\/comments?post=89258"}],"version-history":[{"count":1,"href":"https:\/\/blogdoedvaldomagalhaes.com.br\/index.php\/wp-json\/wp\/v2\/posts\/89258\/revisions"}],"predecessor-version":[{"id":89260,"href":"https:\/\/blogdoedvaldomagalhaes.com.br\/index.php\/wp-json\/wp\/v2\/posts\/89258\/revisions\/89260"}],"wp:featuredmedia":[{"embeddable":true,"href":"https:\/\/blogdoedvaldomagalhaes.com.br\/index.php\/wp-json\/wp\/v2\/media\/89259"}],"wp:attachment":[{"href":"https:\/\/blogdoedvaldomagalhaes.com.br\/index.php\/wp-json\/wp\/v2\/media?parent=89258"}],"wp:term":[{"taxonomy":"category","embeddable":true,"href":"https:\/\/blogdoedvaldomagalhaes.com.br\/index.php\/wp-json\/wp\/v2\/categories?post=89258"},{"taxonomy":"post_tag","embeddable":true,"href":"https:\/\/blogdoedvaldomagalhaes.com.br\/index.php\/wp-json\/wp\/v2\/tags?post=89258"}],"curies":[{"name":"wp","href":"https:\/\/api.w.org\/{rel}","templated":true}]}}