{"id":89241,"date":"2022-10-22T09:43:13","date_gmt":"2022-10-22T12:43:13","guid":{"rendered":"https:\/\/blogdoedvaldomagalhaes.com.br\/?p=89241"},"modified":"2022-10-22T09:47:15","modified_gmt":"2022-10-22T12:47:15","slug":"vereador-cabo-cardoso-representante-politico-dos-militares-estaduais-entrega-a-raquel-lyra-pedidos-para-a-classe-militar","status":"publish","type":"post","link":"https:\/\/blogdoedvaldomagalhaes.com.br\/index.php\/2022\/10\/22\/vereador-cabo-cardoso-representante-politico-dos-militares-estaduais-entrega-a-raquel-lyra-pedidos-para-a-classe-militar\/","title":{"rendered":"Vereador Cabo Cardoso, representante pol\u00edtico dos militares estaduais entrega a Raquel Lyra, pedidos para a classe militar"},"content":{"rendered":"<p style=\"text-align: justify;\"><span style=\"font-size: revert; color: initial;\">O vereador Cabo Cardoso (PP) esteve com a candidata ao governo de Pernambuco Raquel Lyra, na oportunidade o parlamentar entregou um documento onde constavam alguns anseios dos militares estaduais entre eles destacamos O FIM DAS FAIXAS SALARIAIS, CONSTRU\u00c7\u00c3O DO COL\u00c9GIO DA POL\u00cdCIA MILITAR EM CARUARU, PARIDADE E INTEGRALIDADE, REFORMA DO HOSPITAL DA POL\u00cdCIA, CONSTRU\u00c7\u00c3O DE POLICL\u00cdNICAS NO AGRESTE E SERT\u00c3O, T\u00c9RMINO DA BASE A\u00c9REA EM CARUARU, ISEN\u00c7\u00c3O DE IMPOSTOS PARA O MILITAR QUE RECEBE ABAIXO DO TETO DA PREVID\u00caNCIA, entre outros pedidos, o parlamentar \u00e9 um grande defensor e representa as for\u00e7as de seguran\u00e7a p\u00fablica em em nosso Estado. Os militares estaduais confiam no parlamentar e em sua luta por melhorias para a tropa. Foto: Divulga\u00e7\u00e3o.<\/span><\/p>\n<p style=\"text-align: justify;\">Se inscreva no canal do Blog do Edvaldo Magalh\u00e3es no YouTube e siga no Instagram.<\/p>\n","protected":false},"excerpt":{"rendered":"<p>O vereador Cabo Cardoso (PP) esteve com a candidata ao governo de Pernambuco Raquel Lyra, na oportunidade o parlamentar entregou&hellip;<\/p>\n","protected":false},"author":1,"featured_media":89242,"comment_status":"closed","ping_status":"open","sticky":false,"template":"","format":"standard","meta":{"footnotes":""},"categories":[14122],"tags":[2,19532,3406,19613,20,25905],"class_list":["post-89241","post","type-post","status-publish","format-standard","has-post-thumbnail","hentry","category-politica","tag-blog-do-edvaldo-magalhaes","tag-blog-mais-acessado-e-visualizado-de-caruaru-e-regiao","tag-caruaru","tag-eleicoes","tag-politica","tag-vereador-cabo-cardoso-representante-politico-dos-militares-estaduais-entrega-a-raquel-lyra-documentos-com-pedidos-para-a-classe-militar"],"_links":{"self":[{"href":"https:\/\/blogdoedvaldomagalhaes.com.br\/index.php\/wp-json\/wp\/v2\/posts\/89241","targetHints":{"allow":["GET"]}}],"collection":[{"href":"https:\/\/blogdoedvaldomagalhaes.com.br\/index.php\/wp-json\/wp\/v2\/posts"}],"about":[{"href":"https:\/\/blogdoedvaldomagalhaes.com.br\/index.php\/wp-json\/wp\/v2\/types\/post"}],"author":[{"embeddable":true,"href":"https:\/\/blogdoedvaldomagalhaes.com.br\/index.php\/wp-json\/wp\/v2\/users\/1"}],"replies":[{"embeddable":true,"href":"https:\/\/blogdoedvaldomagalhaes.com.br\/index.php\/wp-json\/wp\/v2\/comments?post=89241"}],"version-history":[{"count":2,"href":"https:\/\/blogdoedvaldomagalhaes.com.br\/index.php\/wp-json\/wp\/v2\/posts\/89241\/revisions"}],"predecessor-version":[{"id":89245,"href":"https:\/\/blogdoedvaldomagalhaes.com.br\/index.php\/wp-json\/wp\/v2\/posts\/89241\/revisions\/89245"}],"wp:featuredmedia":[{"embeddable":true,"href":"https:\/\/blogdoedvaldomagalhaes.com.br\/index.php\/wp-json\/wp\/v2\/media\/89242"}],"wp:attachment":[{"href":"https:\/\/blogdoedvaldomagalhaes.com.br\/index.php\/wp-json\/wp\/v2\/media?parent=89241"}],"wp:term":[{"taxonomy":"category","embeddable":true,"href":"https:\/\/blogdoedvaldomagalhaes.com.br\/index.php\/wp-json\/wp\/v2\/categories?post=89241"},{"taxonomy":"post_tag","embeddable":true,"href":"https:\/\/blogdoedvaldomagalhaes.com.br\/index.php\/wp-json\/wp\/v2\/tags?post=89241"}],"curies":[{"name":"wp","href":"https:\/\/api.w.org\/{rel}","templated":true}]}}