{"id":8924,"date":"2016-07-21T10:56:00","date_gmt":"2016-07-21T13:56:00","guid":{"rendered":"http:\/\/blogdoedvaldomagalhaes.com.br\/index.php\/2016\/07\/21\/sesi-oferece-cursos-em-caruaru\/"},"modified":"2019-02-09T00:51:40","modified_gmt":"2019-02-09T02:51:40","slug":"sesi-oferece-cursos-em-caruaru","status":"publish","type":"post","link":"https:\/\/blogdoedvaldomagalhaes.com.br\/index.php\/2016\/07\/21\/sesi-oferece-cursos-em-caruaru\/","title":{"rendered":"Sesi oferece cursos em Caruaru"},"content":{"rendered":"<div class=\"separator\" style=\"clear: both; text-align: center;\">\n<a href=\"https:\/\/3.bp.blogspot.com\/-WeKcNSx5hWk\/V5CqQ7GQPKI\/AAAAAAAACps\/f-UFWcnu9nYCBA7CtBV6zLwMw7qb4mZsgCLcB\/s1600\/sesi.JPG\" imageanchor=\"1\" style=\"margin-left: 1em; margin-right: 1em;\"><img loading=\"lazy\" decoding=\"async\" border=\"0\" height=\"300\" src=\"http:\/\/blogdoedvaldomagalhaes.com.br\/wp-content\/uploads\/2016\/07\/sesi.jpg\" width=\"400\" \/><\/a><\/div>\n<div style=\"background-color: white; line-height: 15.4px; margin: 0cm 0cm 8pt; text-align: justify;\">\n<\/div>\n<div style=\"background-color: white; line-height: 15.4px; margin: 0cm 0cm 8pt; text-align: justify;\">\nO Servi\u00e7o Social da Ind\u00fastria de Pernambuco (Sesi\/PE) est\u00e1 com inscri\u00e7\u00f5es abertas para 720 vagas em cursos de supletivo e inicia\u00e7\u00e3o \u00e0 inform\u00e1tica com pre\u00e7os populares e outras 10 mil vagas gratuitas em cursos \u00e0 dist\u00e2ncia no Agreste. O intuito \u00e9 celebrar os 70 anos do Sesi oferecendo oportunidades para a popula\u00e7\u00e3o se preparar para o mercado de trabalho.<\/div>\n<div style=\"background-color: white; line-height: 15.4px; margin: 0cm 0cm 8pt; text-align: justify;\">\nS\u00e3o 600 vagas no programa Educa\u00e7\u00e3o de Jovens e Adultos (EJA), o antigo supletivo, em todo o Estado. No Agreste, s\u00e3o 120 vagas, destinadas a pessoas com mais de 15 anos. O Ensino Fundamental pode ser conclu\u00eddo em quatro anos, enquanto para o Ensino M\u00e9dio basta um ano e meio. As aulas ser\u00e3o na Unidade Caruaru, \u00e0 noite, para facilitar o acesso de quem trabalha. As demais turmas v\u00e3o acontecer no Recife, Moreno e Petrolina. As inscri\u00e7\u00f5es v\u00e3o at\u00e9 29 de julho, mas quem se matricular at\u00e9 o dia 22 de julho, tem desconto de 10%.<\/div>\n<div style=\"background-color: white; line-height: 15.4px; margin: 0cm 0cm 8pt; text-align: justify;\">\nPara quem deseja aprender a \u201cmexer no computador\u201d, o Sesi oferece 100 vagas em cursos de inicia\u00e7\u00e3o \u00e0 inform\u00e1tica, Office 2013, excel intermedi\u00e1rio e avan\u00e7ado na Unidade Caruaru. Com carga hor\u00e1ria que varia de 8h a 42h e pre\u00e7os a partir de R$ 29,00. H\u00e1 tamb\u00e9m outras 500 vagas na Unidade de Inclus\u00e3o Digital, um trailer totalmente equipado com computadores e internet que ministra aulas de inform\u00e1tica em empresas de todas as cidades do Agreste. Mais informa\u00e7\u00f5es pelo telefone (81) 3722.9520.<\/div>\n<div style=\"background-color: white; line-height: 15.4px; margin: 0cm 0cm 8pt; text-align: justify;\">\nJ\u00e1 para atualiza\u00e7\u00e3o profissional, o Sesi oferece 10 mil vagas gratuitas em 67 cursos onlines at\u00e9 o final de julho. Inscri\u00e7\u00f5es no site&nbsp;<a data-saferedirecturl=\"https:\/\/www.google.com\/url?hl=pt-BR&amp;q=http:\/\/www.pe.sesi.org.br&amp;source=gmail&amp;ust=1469184566711000&amp;usg=AFQjCNGSGxstbW304xGeF6LIoCdiRBZVwQ\" href=\"http:\/\/www.pe.sesi.org.br\/\" style=\"color: #0563c1;\" target=\"_blank\">www.pe.sesi.org.br<\/a>. Mais informa\u00e7\u00f5es pelo e-mail<a href=\"mailto:relacionamento@pe.sesi.org.br\" style=\"color: #0563c1;\" target=\"_blank\">relacionamento@pe.sesi.org.br<\/a>&nbsp;ou pelo WhatsApp (81) 9.8829.3330.<\/div>\n<div style=\"background-color: white; line-height: 15.4px; margin: 0cm 0cm 8pt; text-align: justify;\">\n<\/div>\n","protected":false},"excerpt":{"rendered":"<p>O Servi\u00e7o Social da Ind\u00fastria de Pernambuco (Sesi\/PE) est\u00e1 com inscri\u00e7\u00f5es abertas para 720 vagas em cursos de supletivo e&hellip;<\/p>\n","protected":false},"author":1,"featured_media":0,"comment_status":"open","ping_status":"open","sticky":false,"template":"","format":"standard","meta":{"footnotes":""},"categories":[1],"tags":[2,13411,10190,6,6291],"class_list":["post-8924","post","type-post","status-publish","format-standard","hentry","category-sem-categoria","tag-blog-do-edvaldo-magalhaes","tag-educacao-de-jovens-e-adultos","tag-eja","tag-noticias","tag-sesi"],"_links":{"self":[{"href":"https:\/\/blogdoedvaldomagalhaes.com.br\/index.php\/wp-json\/wp\/v2\/posts\/8924","targetHints":{"allow":["GET"]}}],"collection":[{"href":"https:\/\/blogdoedvaldomagalhaes.com.br\/index.php\/wp-json\/wp\/v2\/posts"}],"about":[{"href":"https:\/\/blogdoedvaldomagalhaes.com.br\/index.php\/wp-json\/wp\/v2\/types\/post"}],"author":[{"embeddable":true,"href":"https:\/\/blogdoedvaldomagalhaes.com.br\/index.php\/wp-json\/wp\/v2\/users\/1"}],"replies":[{"embeddable":true,"href":"https:\/\/blogdoedvaldomagalhaes.com.br\/index.php\/wp-json\/wp\/v2\/comments?post=8924"}],"version-history":[{"count":1,"href":"https:\/\/blogdoedvaldomagalhaes.com.br\/index.php\/wp-json\/wp\/v2\/posts\/8924\/revisions"}],"predecessor-version":[{"id":10488,"href":"https:\/\/blogdoedvaldomagalhaes.com.br\/index.php\/wp-json\/wp\/v2\/posts\/8924\/revisions\/10488"}],"wp:attachment":[{"href":"https:\/\/blogdoedvaldomagalhaes.com.br\/index.php\/wp-json\/wp\/v2\/media?parent=8924"}],"wp:term":[{"taxonomy":"category","embeddable":true,"href":"https:\/\/blogdoedvaldomagalhaes.com.br\/index.php\/wp-json\/wp\/v2\/categories?post=8924"},{"taxonomy":"post_tag","embeddable":true,"href":"https:\/\/blogdoedvaldomagalhaes.com.br\/index.php\/wp-json\/wp\/v2\/tags?post=8924"}],"curies":[{"name":"wp","href":"https:\/\/api.w.org\/{rel}","templated":true}]}}