{"id":89238,"date":"2022-10-22T08:59:19","date_gmt":"2022-10-22T11:59:19","guid":{"rendered":"https:\/\/blogdoedvaldomagalhaes.com.br\/?p=89238"},"modified":"2022-10-22T08:59:20","modified_gmt":"2022-10-22T11:59:20","slug":"anderson-correia-reforca-apoio-a-raquel-lyra-em-sao-caitano-e-cachoeirinha","status":"publish","type":"post","link":"https:\/\/blogdoedvaldomagalhaes.com.br\/index.php\/2022\/10\/22\/anderson-correia-reforca-apoio-a-raquel-lyra-em-sao-caitano-e-cachoeirinha\/","title":{"rendered":"Anderson Correia refor\u00e7a apoio a Raquel Lyra em S\u00e3o Caitano e Cachoeirinha"},"content":{"rendered":"<p style=\"text-align: justify;\"><span style=\"color: initial; font-size: revert;\">O vereador Anderson Correia (PP) esteve nos munic\u00edpios de S\u00e3o Caitano e Cachoeirinha nessa sexta-feira (21), agradecendo os votos conquistados em ambas as cidades, al\u00e9m de debater pol\u00edticas p\u00fablicas animalistas com autoridades e ONGs locais. Na ocasi\u00e3o, o parlamentar caruaruense aproveitou para refor\u00e7ar o apoio a Raquel Lyra, candidata ao Governo do Estado.<\/span><\/p>\n<p style=\"text-align: justify;\">\u201cTenho muita gratid\u00e3o ao povo de S\u00e3o Caetano, onde conquistei 205 votos, e a popula\u00e7\u00e3o de Cachoeirinha, onde obtive 507 votos, ambas as cidades fizeram parte do nosso bom desempenho na candidatura a deputado federal. E, assim como estes munic\u00edpios estiveram comigo neste pleito, estar\u00e3o tamb\u00e9m com Raquel Lyra para governar Pernambuco, pois sabemos que ela \u00e9 a mais preparada para liderar e mudar esse Estado. Juntos somos mais fortes, vamos em frente com Raquel\u201d, destacou Anderson. Foto: Divulga\u00e7\u00e3o.<\/p>\n<p style=\"text-align: justify;\">Se inscreva no canal do Blog do Edvaldo Magalh\u00e3es no YouTube e siga no Instagram.<\/p>\n","protected":false},"excerpt":{"rendered":"<p>O vereador Anderson Correia (PP) esteve nos munic\u00edpios de S\u00e3o Caitano e Cachoeirinha nessa sexta-feira (21), agradecendo os votos conquistados&hellip;<\/p>\n","protected":false},"author":1,"featured_media":89239,"comment_status":"closed","ping_status":"open","sticky":false,"template":"","format":"standard","meta":{"footnotes":""},"categories":[14122],"tags":[25904,2,19532,3406],"class_list":["post-89238","post","type-post","status-publish","format-standard","has-post-thumbnail","hentry","category-politica","tag-anderson-correia-reforca-apoio-a-raquel-lyra-em-sao-caitano-e-cachoeirinha","tag-blog-do-edvaldo-magalhaes","tag-blog-mais-acessado-e-visualizado-de-caruaru-e-regiao","tag-caruaru"],"_links":{"self":[{"href":"https:\/\/blogdoedvaldomagalhaes.com.br\/index.php\/wp-json\/wp\/v2\/posts\/89238","targetHints":{"allow":["GET"]}}],"collection":[{"href":"https:\/\/blogdoedvaldomagalhaes.com.br\/index.php\/wp-json\/wp\/v2\/posts"}],"about":[{"href":"https:\/\/blogdoedvaldomagalhaes.com.br\/index.php\/wp-json\/wp\/v2\/types\/post"}],"author":[{"embeddable":true,"href":"https:\/\/blogdoedvaldomagalhaes.com.br\/index.php\/wp-json\/wp\/v2\/users\/1"}],"replies":[{"embeddable":true,"href":"https:\/\/blogdoedvaldomagalhaes.com.br\/index.php\/wp-json\/wp\/v2\/comments?post=89238"}],"version-history":[{"count":1,"href":"https:\/\/blogdoedvaldomagalhaes.com.br\/index.php\/wp-json\/wp\/v2\/posts\/89238\/revisions"}],"predecessor-version":[{"id":89240,"href":"https:\/\/blogdoedvaldomagalhaes.com.br\/index.php\/wp-json\/wp\/v2\/posts\/89238\/revisions\/89240"}],"wp:featuredmedia":[{"embeddable":true,"href":"https:\/\/blogdoedvaldomagalhaes.com.br\/index.php\/wp-json\/wp\/v2\/media\/89239"}],"wp:attachment":[{"href":"https:\/\/blogdoedvaldomagalhaes.com.br\/index.php\/wp-json\/wp\/v2\/media?parent=89238"}],"wp:term":[{"taxonomy":"category","embeddable":true,"href":"https:\/\/blogdoedvaldomagalhaes.com.br\/index.php\/wp-json\/wp\/v2\/categories?post=89238"},{"taxonomy":"post_tag","embeddable":true,"href":"https:\/\/blogdoedvaldomagalhaes.com.br\/index.php\/wp-json\/wp\/v2\/tags?post=89238"}],"curies":[{"name":"wp","href":"https:\/\/api.w.org\/{rel}","templated":true}]}}