{"id":89235,"date":"2022-10-21T22:08:17","date_gmt":"2022-10-22T01:08:17","guid":{"rendered":"https:\/\/blogdoedvaldomagalhaes.com.br\/?p=89235"},"modified":"2022-10-21T22:08:18","modified_gmt":"2022-10-22T01:08:18","slug":"sindacsepe-reune-agentes-comunitarios-de-saude-e-de-combate-as-endemias-em-caruaru","status":"publish","type":"post","link":"https:\/\/blogdoedvaldomagalhaes.com.br\/index.php\/2022\/10\/21\/sindacsepe-reune-agentes-comunitarios-de-saude-e-de-combate-as-endemias-em-caruaru\/","title":{"rendered":"SINDACSEPE re\u00fane Agentes Comunit\u00e1rios de Sa\u00fade e de Combate \u00e0s Endemias em Caruaru"},"content":{"rendered":"<p style=\"text-align: justify;\"><span style=\"font-size: revert; color: initial;\">Nesta sexta-feira (21), aconteceu no audit\u00f3rio do Teatro Difusora, em Caruaru, a assembleia geral do Sindicato dos Agentes Comunit\u00e1rios de Sa\u00fade (ACSs) e Agentes de Combate \u00e0s Endemias (ACEs) do Agreste Setentrional Pernambuco &#8211; SINDACSEPE.<\/span><\/p>\n<p style=\"text-align: justify;\">Na ocasi\u00e3o, o presidente do referido sindicato L\u00facio Fl\u00e1vio Rosendo e sua diretoria receberam os agentes sindicalizados os capacitando com os seguintes temas e tirando d\u00favidas:<\/p>\n<p style=\"text-align: justify;\">1- EC 120\/2022 e a aposentadoria especial dos ACSs e ACEs.<br \/>\nExplanados pelos Advogados Dr. Jean Moura e Dr. Anderson Carvalho;<\/p>\n<p style=\"text-align: justify;\">2- Declara\u00e7\u00e3o de Imposto de Renda dos ACSs e ACEs.<br \/>\nExplanado pelo contador Liliano Luiz<\/p>\n<p style=\"text-align: justify;\">Al\u00e9m das capacita\u00e7\u00f5es o citado Presidente deliberou com os presentes acerca da (do):<\/p>\n<p style=\"text-align: justify;\">&#8211; Gratifica\u00e7\u00e3o de insalubridade com base no piso salarial e n\u00e3o de 1 um sal\u00e1rio-m\u00ednimo;<br \/>\n&#8211; Licen\u00e7a Pr\u00eamio;<br \/>\n&#8211; ACEs contratados;<br \/>\n&#8211; A import\u00e2ncia do desconto sindical<br \/>\n&#8211; Programa\u00e7\u00e3o de visitas do SINDICATO aos postos de sa\u00fade;<br \/>\n&#8211; Gratifica\u00e7\u00e3o de PQAVS<br \/>\n&#8211; Presta\u00e7\u00e3o de contas para \u00faltima reuni\u00e3o do SINDACSEPE em dezembro;<\/p>\n<p style=\"text-align: justify;\">A assembleia foi finalizada com o an\u00fancio da tradicional festa de confraterniza\u00e7\u00e3o dos ACSs e ACEs, para o dia 16\/12\/2022, no Agreste Water Park, no que foi aclamado por todos.<\/p>\n<p style=\"text-align: justify;\">\u201cElevamos o n\u00edvel do SINDACSEPE a um patamar de reconhecimento e de conquistas ineditamente vividas por qualquer outra categoria profissional.\u201d<\/p>\n<p style=\"text-align: justify;\">\u201cIsso deve a credibilidade e uni\u00e3o de todos os agentes que juntos verdadeiramente fazem a for\u00e7a.\u201d<\/p>\n<p style=\"text-align: justify;\">&#8220;Temos muito por que lutar e conquistar e esse ser\u00e1 sempre o desejo de todos os que fazem o SINDACSEPE&#8221;, L<span style=\"font-size: revert; color: initial;\">\u00facio Fl\u00e1vio Rosendo da Silva, p<\/span><span style=\"font-size: revert; color: initial;\">residente do SINDACSEPE. Foto: Divulga\u00e7\u00e3o.<\/span><\/p>\n<p style=\"text-align: justify;\">Siga o Instagram do Blog do Edvaldo Magalh\u00e3es e se inscreva no canal do Blog no YouTube.<\/p>\n","protected":false},"excerpt":{"rendered":"<p>Nesta sexta-feira (21), aconteceu no audit\u00f3rio do Teatro Difusora, em Caruaru, a assembleia geral do Sindicato dos Agentes Comunit\u00e1rios de&hellip;<\/p>\n","protected":false},"author":1,"featured_media":89236,"comment_status":"closed","ping_status":"open","sticky":false,"template":"","format":"standard","meta":{"footnotes":""},"categories":[14120],"tags":[2,19532,3406,25903],"class_list":["post-89235","post","type-post","status-publish","format-standard","has-post-thumbnail","hentry","category-noticias","tag-blog-do-edvaldo-magalhaes","tag-blog-mais-acessado-e-visualizado-de-caruaru-e-regiao","tag-caruaru","tag-sindacsepe-reune-agentes-comunitarios-de-saude-e-de-combate-as-endemias-em-caruaru"],"_links":{"self":[{"href":"https:\/\/blogdoedvaldomagalhaes.com.br\/index.php\/wp-json\/wp\/v2\/posts\/89235","targetHints":{"allow":["GET"]}}],"collection":[{"href":"https:\/\/blogdoedvaldomagalhaes.com.br\/index.php\/wp-json\/wp\/v2\/posts"}],"about":[{"href":"https:\/\/blogdoedvaldomagalhaes.com.br\/index.php\/wp-json\/wp\/v2\/types\/post"}],"author":[{"embeddable":true,"href":"https:\/\/blogdoedvaldomagalhaes.com.br\/index.php\/wp-json\/wp\/v2\/users\/1"}],"replies":[{"embeddable":true,"href":"https:\/\/blogdoedvaldomagalhaes.com.br\/index.php\/wp-json\/wp\/v2\/comments?post=89235"}],"version-history":[{"count":1,"href":"https:\/\/blogdoedvaldomagalhaes.com.br\/index.php\/wp-json\/wp\/v2\/posts\/89235\/revisions"}],"predecessor-version":[{"id":89237,"href":"https:\/\/blogdoedvaldomagalhaes.com.br\/index.php\/wp-json\/wp\/v2\/posts\/89235\/revisions\/89237"}],"wp:featuredmedia":[{"embeddable":true,"href":"https:\/\/blogdoedvaldomagalhaes.com.br\/index.php\/wp-json\/wp\/v2\/media\/89236"}],"wp:attachment":[{"href":"https:\/\/blogdoedvaldomagalhaes.com.br\/index.php\/wp-json\/wp\/v2\/media?parent=89235"}],"wp:term":[{"taxonomy":"category","embeddable":true,"href":"https:\/\/blogdoedvaldomagalhaes.com.br\/index.php\/wp-json\/wp\/v2\/categories?post=89235"},{"taxonomy":"post_tag","embeddable":true,"href":"https:\/\/blogdoedvaldomagalhaes.com.br\/index.php\/wp-json\/wp\/v2\/tags?post=89235"}],"curies":[{"name":"wp","href":"https:\/\/api.w.org\/{rel}","templated":true}]}}