{"id":89220,"date":"2022-10-21T19:14:24","date_gmt":"2022-10-21T22:14:24","guid":{"rendered":"https:\/\/blogdoedvaldomagalhaes.com.br\/?p=89220"},"modified":"2022-10-21T21:00:01","modified_gmt":"2022-10-22T00:00:01","slug":"jovem-e-morto-a-tiros-enquanto-trabalhava-dentro-de-estabelecimento-comercial-em-caruaru","status":"publish","type":"post","link":"https:\/\/blogdoedvaldomagalhaes.com.br\/index.php\/2022\/10\/21\/jovem-e-morto-a-tiros-enquanto-trabalhava-dentro-de-estabelecimento-comercial-em-caruaru\/","title":{"rendered":"Jovem \u00e9 morto a tiros enquanto trabalhava dentro de estabelecimento comercial, em Caruaru"},"content":{"rendered":"<p style=\"text-align: justify;\">O jovem Ronaldo Joaquim Ferreira, 24 anos de idade, casado e pai de tr\u00eas filhos, foi assassinado enquanto trabalhava em uma empresa de m\u00e1rmore e granito no bairro Cidade Jardim, em Caruaru, na tarde desta sexta-feira (21).<\/p>\n<p style=\"text-align: justify;\">Este foi o 8\u00b0 homic\u00eddio no m\u00eas de outubro, e o 71\u00b0 no ano de 2022, em Caruaru.<\/p>\n<p style=\"text-align: justify;\">Siga o Instagram do Blog do Edvaldo Magalh\u00e3es e veja v\u00eddeos de outras not\u00edcias<\/p>\n\n\n<figure class=\"wp-block-image size-large is-resized\"><img loading=\"lazy\" decoding=\"async\" src=\"https:\/\/blogdoedvaldomagalhaes.com.br\/wp-content\/uploads\/2022\/10\/IMG-20221021-WA0082-706x1024.jpg\" alt=\"\" class=\"wp-image-89223\" width=\"346\" height=\"502\" srcset=\"https:\/\/blogdoedvaldomagalhaes.com.br\/wp-content\/uploads\/2022\/10\/IMG-20221021-WA0082-706x1024.jpg 706w, https:\/\/blogdoedvaldomagalhaes.com.br\/wp-content\/uploads\/2022\/10\/IMG-20221021-WA0082-207x300.jpg 207w, https:\/\/blogdoedvaldomagalhaes.com.br\/wp-content\/uploads\/2022\/10\/IMG-20221021-WA0082.jpg 720w\" sizes=\"auto, (max-width: 346px) 100vw, 346px\" \/><figcaption>V\u00edtima: Ronaldo Joaquim Ferreira <\/figcaption><\/figure>\n","protected":false},"excerpt":{"rendered":"<p>O jovem Ronaldo Joaquim Ferreira, 24 anos de idade, casado e pai de tr\u00eas filhos, foi assassinado enquanto trabalhava em&hellip;<\/p>\n","protected":false},"author":1,"featured_media":89221,"comment_status":"closed","ping_status":"open","sticky":false,"template":"","format":"standard","meta":{"footnotes":""},"categories":[14121],"tags":[2,19532,3406,25902],"class_list":["post-89220","post","type-post","status-publish","format-standard","has-post-thumbnail","hentry","category-policial","tag-blog-do-edvaldo-magalhaes","tag-blog-mais-acessado-e-visualizado-de-caruaru-e-regiao","tag-caruaru","tag-jovem-e-morto-a-tiros-enquanto-trabalhava-em-caruaru"],"_links":{"self":[{"href":"https:\/\/blogdoedvaldomagalhaes.com.br\/index.php\/wp-json\/wp\/v2\/posts\/89220","targetHints":{"allow":["GET"]}}],"collection":[{"href":"https:\/\/blogdoedvaldomagalhaes.com.br\/index.php\/wp-json\/wp\/v2\/posts"}],"about":[{"href":"https:\/\/blogdoedvaldomagalhaes.com.br\/index.php\/wp-json\/wp\/v2\/types\/post"}],"author":[{"embeddable":true,"href":"https:\/\/blogdoedvaldomagalhaes.com.br\/index.php\/wp-json\/wp\/v2\/users\/1"}],"replies":[{"embeddable":true,"href":"https:\/\/blogdoedvaldomagalhaes.com.br\/index.php\/wp-json\/wp\/v2\/comments?post=89220"}],"version-history":[{"count":4,"href":"https:\/\/blogdoedvaldomagalhaes.com.br\/index.php\/wp-json\/wp\/v2\/posts\/89220\/revisions"}],"predecessor-version":[{"id":89229,"href":"https:\/\/blogdoedvaldomagalhaes.com.br\/index.php\/wp-json\/wp\/v2\/posts\/89220\/revisions\/89229"}],"wp:featuredmedia":[{"embeddable":true,"href":"https:\/\/blogdoedvaldomagalhaes.com.br\/index.php\/wp-json\/wp\/v2\/media\/89221"}],"wp:attachment":[{"href":"https:\/\/blogdoedvaldomagalhaes.com.br\/index.php\/wp-json\/wp\/v2\/media?parent=89220"}],"wp:term":[{"taxonomy":"category","embeddable":true,"href":"https:\/\/blogdoedvaldomagalhaes.com.br\/index.php\/wp-json\/wp\/v2\/categories?post=89220"},{"taxonomy":"post_tag","embeddable":true,"href":"https:\/\/blogdoedvaldomagalhaes.com.br\/index.php\/wp-json\/wp\/v2\/tags?post=89220"}],"curies":[{"name":"wp","href":"https:\/\/api.w.org\/{rel}","templated":true}]}}