{"id":89215,"date":"2022-10-21T18:25:56","date_gmt":"2022-10-21T21:25:56","guid":{"rendered":"https:\/\/blogdoedvaldomagalhaes.com.br\/?p=89215"},"modified":"2022-10-21T21:00:58","modified_gmt":"2022-10-22T00:00:58","slug":"newton-montenegro-sera-eleito-presidente-da-acic-terca-feira-25","status":"publish","type":"post","link":"https:\/\/blogdoedvaldomagalhaes.com.br\/index.php\/2022\/10\/21\/newton-montenegro-sera-eleito-presidente-da-acic-terca-feira-25\/","title":{"rendered":"Newton Montenegro ser\u00e1 eleito presidente da Acic ter\u00e7a-feira (25)"},"content":{"rendered":"<p style=\"text-align: justify;\"><span style=\"color: initial; font-size: revert;\">A Associa\u00e7\u00e3o Comercial e Empresarial de Caruaru (Acic) vai realizar uma assembleia geral ordin\u00e1ria para elei\u00e7\u00e3o dos novos cargos da Diretoria para atua\u00e7\u00e3o no bi\u00eanio 2023\/2024. A chapa \u00fanica ter\u00e1 como candidato Newton Montenegro. Por isso, com o objetivo de compor a mesa eleitoral, a Acic est\u00e1 convocando os associados a comparecerem na sala Henrique Pinto, a partir das 16h30, no dia 25 de outubro. O escolhido em chapa \u00fanica foi o 1\u00ba vice-presidente, o empres\u00e1rio Newton Montenegro, que ter\u00e1 como vice a atual diretora administrativa Danielle Lago.<\/span><\/p>\n<p style=\"text-align: justify;\">A mesa eleitoral ser\u00e1 composta por seis s\u00f3cios, sendo tr\u00eas efetivos e tr\u00eas suplentes, conforme indica\u00e7\u00e3o do Conselho Superior Deliberativo da Acic, na forma prevista pelo art. 48, I, do Estatuto Social da Entidade, e funcionar\u00e1 de maneira ininterrupta, das 17h \u00e0s 19h. Entretanto, por delibera\u00e7\u00e3o da maioria de seus membros, ser\u00e1 poss\u00edvel prorrogar os seus trabalhos por mais uma hora, no m\u00e1ximo.<\/p>\n<p style=\"text-align: justify;\">\u201cEste \u00e9 mais um momento de democracia na Acic, cumprindo nosso regimento estatut\u00e1rio para atualiza\u00e7\u00e3o da composi\u00e7\u00e3o dos novos cargos da Associa\u00e7\u00e3o. Contamos com a presen\u00e7a de todos os s\u00f3cios convocados para juntos continuarmos elevando o nome desta Institui\u00e7\u00e3o t\u00e3o importante para o setor empresarial do nosso munic\u00edpio e para o seu crescimento em todas as frentes, nos \u00faltimos cem anos\u201d, destacou Ivania Porto, presidente da Acic. Siga o Blog do Edvaldo Magalh\u00e3es no Instagram e se inscreva no canal do Blog no YouTube.<\/p>\n<p style=\"text-align: justify;\">Confira a chapa \u00fanica das elei\u00e7\u00f5es da Acic abaixo:<\/p>\n\n\n<figure class=\"wp-block-image size-large\"><img loading=\"lazy\" decoding=\"async\" width=\"1024\" height=\"1024\" src=\"https:\/\/blogdoedvaldomagalhaes.com.br\/wp-content\/uploads\/2022\/10\/IMG-20221021-WA0065-1024x1024.jpg\" alt=\"\" class=\"wp-image-89216\" srcset=\"https:\/\/blogdoedvaldomagalhaes.com.br\/wp-content\/uploads\/2022\/10\/IMG-20221021-WA0065-1024x1024.jpg 1024w, https:\/\/blogdoedvaldomagalhaes.com.br\/wp-content\/uploads\/2022\/10\/IMG-20221021-WA0065-300x300.jpg 300w, https:\/\/blogdoedvaldomagalhaes.com.br\/wp-content\/uploads\/2022\/10\/IMG-20221021-WA0065-150x150.jpg 150w, https:\/\/blogdoedvaldomagalhaes.com.br\/wp-content\/uploads\/2022\/10\/IMG-20221021-WA0065-768x768.jpg 768w, https:\/\/blogdoedvaldomagalhaes.com.br\/wp-content\/uploads\/2022\/10\/IMG-20221021-WA0065.jpg 1080w\" sizes=\"auto, (max-width: 1024px) 100vw, 1024px\" \/><\/figure>\n","protected":false},"excerpt":{"rendered":"<p>A Associa\u00e7\u00e3o Comercial e Empresarial de Caruaru (Acic) vai realizar uma assembleia geral ordin\u00e1ria para elei\u00e7\u00e3o dos novos cargos da&hellip;<\/p>\n","protected":false},"author":1,"featured_media":89218,"comment_status":"closed","ping_status":"open","sticky":false,"template":"","format":"standard","meta":{"footnotes":""},"categories":[14120],"tags":[2,19532,3406,25901],"class_list":["post-89215","post","type-post","status-publish","format-standard","has-post-thumbnail","hentry","category-noticias","tag-blog-do-edvaldo-magalhaes","tag-blog-mais-acessado-e-visualizado-de-caruaru-e-regiao","tag-caruaru","tag-newton-montenegro-sera-eleito-presidente-da-acic-terca-feira-25"],"_links":{"self":[{"href":"https:\/\/blogdoedvaldomagalhaes.com.br\/index.php\/wp-json\/wp\/v2\/posts\/89215","targetHints":{"allow":["GET"]}}],"collection":[{"href":"https:\/\/blogdoedvaldomagalhaes.com.br\/index.php\/wp-json\/wp\/v2\/posts"}],"about":[{"href":"https:\/\/blogdoedvaldomagalhaes.com.br\/index.php\/wp-json\/wp\/v2\/types\/post"}],"author":[{"embeddable":true,"href":"https:\/\/blogdoedvaldomagalhaes.com.br\/index.php\/wp-json\/wp\/v2\/users\/1"}],"replies":[{"embeddable":true,"href":"https:\/\/blogdoedvaldomagalhaes.com.br\/index.php\/wp-json\/wp\/v2\/comments?post=89215"}],"version-history":[{"count":2,"href":"https:\/\/blogdoedvaldomagalhaes.com.br\/index.php\/wp-json\/wp\/v2\/posts\/89215\/revisions"}],"predecessor-version":[{"id":89230,"href":"https:\/\/blogdoedvaldomagalhaes.com.br\/index.php\/wp-json\/wp\/v2\/posts\/89215\/revisions\/89230"}],"wp:featuredmedia":[{"embeddable":true,"href":"https:\/\/blogdoedvaldomagalhaes.com.br\/index.php\/wp-json\/wp\/v2\/media\/89218"}],"wp:attachment":[{"href":"https:\/\/blogdoedvaldomagalhaes.com.br\/index.php\/wp-json\/wp\/v2\/media?parent=89215"}],"wp:term":[{"taxonomy":"category","embeddable":true,"href":"https:\/\/blogdoedvaldomagalhaes.com.br\/index.php\/wp-json\/wp\/v2\/categories?post=89215"},{"taxonomy":"post_tag","embeddable":true,"href":"https:\/\/blogdoedvaldomagalhaes.com.br\/index.php\/wp-json\/wp\/v2\/tags?post=89215"}],"curies":[{"name":"wp","href":"https:\/\/api.w.org\/{rel}","templated":true}]}}