{"id":89211,"date":"2022-10-21T17:42:21","date_gmt":"2022-10-21T20:42:21","guid":{"rendered":"https:\/\/blogdoedvaldomagalhaes.com.br\/?p=89211"},"modified":"2022-10-21T21:01:53","modified_gmt":"2022-10-22T00:01:53","slug":"sistema-de-integracao-temporal-comeca-funcionar-em-caruaru-segunda-feira-24","status":"publish","type":"post","link":"https:\/\/blogdoedvaldomagalhaes.com.br\/index.php\/2022\/10\/21\/sistema-de-integracao-temporal-comeca-funcionar-em-caruaru-segunda-feira-24\/","title":{"rendered":"Sistema de Integra\u00e7\u00e3o Temporal come\u00e7a funcionar em Caruaru segunda-feira (24)"},"content":{"rendered":"<p style=\"text-align: justify;\"><span style=\"color: initial; font-size: revert;\">A partir de segunda-feira (24.10), o Sistema de Integra\u00e7\u00e3o Temporal ser\u00e1 implantado no transporte p\u00fablico municipal, de modo experimental. O objetivo da integra\u00e7\u00e3o temporal \u00e9 trazer mais usu\u00e1rios para o sistema de transporte, al\u00e9m de ampliar o deslocamento das pessoas nas \u00e1reas urbana e rural do munic\u00edpio.<\/span><\/p>\n<p style=\"text-align: justify;\"><strong>COMO VAI FUNCIONAR?\u00a0<\/strong><\/p>\n<p style=\"text-align: justify;\">A integra\u00e7\u00e3o ser\u00e1 realizada dentro de cada lote das tr\u00eas empresas de \u00f4nibus que operam na cidade. Na primeira viagem, cada passageiro pagar\u00e1 a tarifa relativa ao seu cart\u00e3o LEVA. Na segunda viagem, a tarifa ter\u00e1 desconto de 50%, dentro do intervalo de 60 minutos, a partir da hora do embarque da primeira viagem. N\u00e3o ser\u00e1 poss\u00edvel realizar integra\u00e7\u00e3o com duas viagens na mesma linha.<\/p>\n<p style=\"text-align: justify;\"><strong>Confira as linhas que passar\u00e3o a ter integra\u00e7\u00e3o:<\/strong><\/p>\n<p style=\"text-align: justify;\"><strong>Capital do Agreste (Lote 1):<\/strong> Linha 139 \u2013 Polo Caruaru. Ter\u00e1 integra\u00e7\u00e3o com as linhas que atendem os bairros: Luiz Gonzaga, Nova Caruaru, Severino Afonso, Universit\u00e1rio, Maur\u00edcio de Nassau (avenida Agamenon Magalh\u00e3es), Salgado, S\u00e3o Jo\u00e3o da Esc\u00f3cia, Lagoa do Algod\u00e3o, Serras do Vale, Cidade Jardim, S\u00e3o Jos\u00e9, Rendeiras, Cedro, Riach\u00e3o e Nossa Senhora das Dores (Centro);<\/p>\n<p style=\"text-align: justify;\"><strong>Tabosa (Lote 2):<\/strong> Linha 140 &#8211; Caruaru Shopping. Ter\u00e1 integra\u00e7\u00e3o com as linhas que atendem os bairros: Pinheir\u00f3polis, Petr\u00f3polis, Vassoural, Cidade Alta, Santa Rosa, Manoel Bezerra Lopes, Indian\u00f3polis\/Inocoop, Jos\u00e9 Liberato e Nossa Senhora das Dores (Centro);<\/p>\n<p style=\"text-align: justify;\"><strong>Coletivo (Lote 3):<\/strong> Linha 162 &#8211; Distrito Industrial. Ter\u00e1 integra\u00e7\u00e3o com as linhas que atendem os bairros: Nossa Senhora das Gra\u00e7as, Alto do Moura, Distrito Industrial, Agamenon Magalh\u00e3es, Kennedy, Caiuc\u00e1, Boa Vista, Jo\u00e3o Mota, Divivn\u00f3polis, Centen\u00e1rio, S\u00e3o Francisco, Aeroporto, Jardim Panorama, Vila Andorinha\/Xique-Xique, Jardim Boa Vista, Maria Auxiliadora, Jos\u00e9 Carlos de Oliveira e Nossa Senhora das Dores.<\/p>\n<p style=\"text-align: justify;\">Cada uma das tr\u00eas linhas de integra\u00e7\u00e3o ter\u00e1 conex\u00e3o somente com as demais linhas urbanas e rurais de seu lote de opera\u00e7\u00e3o.<\/p>\n<p style=\"text-align: justify;\">A integra\u00e7\u00e3o temporal vai operar, inicialmente, em car\u00e1ter experimental de 30 dias. Siga o Instagram do Edvaldo Magalh\u00e3es no Instagram e se inscreva no canal do Blog no YouTube.<\/p>\n\n\n<figure class=\"wp-block-image size-full\"><img loading=\"lazy\" decoding=\"async\" width=\"963\" height=\"533\" src=\"https:\/\/blogdoedvaldomagalhaes.com.br\/wp-content\/uploads\/2022\/10\/IMG-20221021-WA0063.jpg\" alt=\"\" class=\"wp-image-89213\" srcset=\"https:\/\/blogdoedvaldomagalhaes.com.br\/wp-content\/uploads\/2022\/10\/IMG-20221021-WA0063.jpg 963w, https:\/\/blogdoedvaldomagalhaes.com.br\/wp-content\/uploads\/2022\/10\/IMG-20221021-WA0063-300x166.jpg 300w, https:\/\/blogdoedvaldomagalhaes.com.br\/wp-content\/uploads\/2022\/10\/IMG-20221021-WA0063-768x425.jpg 768w\" sizes=\"auto, (max-width: 963px) 100vw, 963px\" \/><figcaption>Foto e mapa: Divulga\u00e7\u00e3o\/AMTTC<\/figcaption><\/figure>\n","protected":false},"excerpt":{"rendered":"<p>A partir de segunda-feira (24.10), o Sistema de Integra\u00e7\u00e3o Temporal ser\u00e1 implantado no transporte p\u00fablico municipal, de modo experimental. O&hellip;<\/p>\n","protected":false},"author":1,"featured_media":89212,"comment_status":"closed","ping_status":"open","sticky":false,"template":"","format":"standard","meta":{"footnotes":""},"categories":[14120],"tags":[2,19532,3406,25900],"class_list":["post-89211","post","type-post","status-publish","format-standard","has-post-thumbnail","hentry","category-noticias","tag-blog-do-edvaldo-magalhaes","tag-blog-mais-acessado-e-visualizado-de-caruaru-e-regiao","tag-caruaru","tag-sistema-de-integracao-temporal-comeca-funcionar-em-caruaru-segunda-feira-24"],"_links":{"self":[{"href":"https:\/\/blogdoedvaldomagalhaes.com.br\/index.php\/wp-json\/wp\/v2\/posts\/89211","targetHints":{"allow":["GET"]}}],"collection":[{"href":"https:\/\/blogdoedvaldomagalhaes.com.br\/index.php\/wp-json\/wp\/v2\/posts"}],"about":[{"href":"https:\/\/blogdoedvaldomagalhaes.com.br\/index.php\/wp-json\/wp\/v2\/types\/post"}],"author":[{"embeddable":true,"href":"https:\/\/blogdoedvaldomagalhaes.com.br\/index.php\/wp-json\/wp\/v2\/users\/1"}],"replies":[{"embeddable":true,"href":"https:\/\/blogdoedvaldomagalhaes.com.br\/index.php\/wp-json\/wp\/v2\/comments?post=89211"}],"version-history":[{"count":2,"href":"https:\/\/blogdoedvaldomagalhaes.com.br\/index.php\/wp-json\/wp\/v2\/posts\/89211\/revisions"}],"predecessor-version":[{"id":89231,"href":"https:\/\/blogdoedvaldomagalhaes.com.br\/index.php\/wp-json\/wp\/v2\/posts\/89211\/revisions\/89231"}],"wp:featuredmedia":[{"embeddable":true,"href":"https:\/\/blogdoedvaldomagalhaes.com.br\/index.php\/wp-json\/wp\/v2\/media\/89212"}],"wp:attachment":[{"href":"https:\/\/blogdoedvaldomagalhaes.com.br\/index.php\/wp-json\/wp\/v2\/media?parent=89211"}],"wp:term":[{"taxonomy":"category","embeddable":true,"href":"https:\/\/blogdoedvaldomagalhaes.com.br\/index.php\/wp-json\/wp\/v2\/categories?post=89211"},{"taxonomy":"post_tag","embeddable":true,"href":"https:\/\/blogdoedvaldomagalhaes.com.br\/index.php\/wp-json\/wp\/v2\/tags?post=89211"}],"curies":[{"name":"wp","href":"https:\/\/api.w.org\/{rel}","templated":true}]}}