{"id":89201,"date":"2022-10-21T14:05:37","date_gmt":"2022-10-21T17:05:37","guid":{"rendered":"https:\/\/blogdoedvaldomagalhaes.com.br\/?p=89201"},"modified":"2022-10-21T21:02:49","modified_gmt":"2022-10-22T00:02:49","slug":"marido-esfaqueaia-a-propria-esposa-e-foge-usando-uma-bicicleta-em-caruaru","status":"publish","type":"post","link":"https:\/\/blogdoedvaldomagalhaes.com.br\/index.php\/2022\/10\/21\/marido-esfaqueaia-a-propria-esposa-e-foge-usando-uma-bicicleta-em-caruaru\/","title":{"rendered":"Marido esfaqueaia a pr\u00f3pria esposa e foge usando  uma bicicleta, em Caruaru"},"content":{"rendered":"<p style=\"text-align: justify;\">No in\u00edcio da tarde desta sexta-feira (21), Wedna Camila Maria da Silva, 20 anos, foi esfaqueada no bra\u00e7o pelo pr\u00f3prio marido, no Residencial Jardins, localizado enfrente ao Hospital Regional do Agreste. A v\u00edtima foi socorrida pelo SAMU e encaminhada para o HRA. Segundo informa\u00e7\u00f5es da pol\u00edcia, o acusado fugiu utilizando uma bicicleta. A Pol\u00edcia Militar est\u00e1 tentando localizar o homem. Foto: Reprodu\u00e7\u00e3o\/WhatsApp.<\/p>\n<p style=\"text-align: justify;\">Se inscreva no canal do Blog do Edvaldo Magalh\u00e3es no YouTube e siga no Instagram.<\/p>\n\n\n<figure class=\"wp-block-image size-full\"><img loading=\"lazy\" decoding=\"async\" width=\"816\" height=\"459\" src=\"https:\/\/blogdoedvaldomagalhaes.com.br\/wp-content\/uploads\/2022\/10\/IMG-20221021-WA0047.jpg\" alt=\"\" class=\"wp-image-89209\" srcset=\"https:\/\/blogdoedvaldomagalhaes.com.br\/wp-content\/uploads\/2022\/10\/IMG-20221021-WA0047.jpg 816w, https:\/\/blogdoedvaldomagalhaes.com.br\/wp-content\/uploads\/2022\/10\/IMG-20221021-WA0047-300x169.jpg 300w, https:\/\/blogdoedvaldomagalhaes.com.br\/wp-content\/uploads\/2022\/10\/IMG-20221021-WA0047-768x432.jpg 768w, https:\/\/blogdoedvaldomagalhaes.com.br\/wp-content\/uploads\/2022\/10\/IMG-20221021-WA0047-720x405.jpg 720w\" sizes=\"auto, (max-width: 816px) 100vw, 816px\" \/><figcaption>Foto do Residencial Jardins <\/figcaption><\/figure>\n","protected":false},"excerpt":{"rendered":"<p>No in\u00edcio da tarde desta sexta-feira (21), Wedna Camila Maria da Silva, 20 anos, foi esfaqueada no bra\u00e7o pelo pr\u00f3prio&hellip;<\/p>\n","protected":false},"author":1,"featured_media":89202,"comment_status":"closed","ping_status":"open","sticky":false,"template":"","format":"standard","meta":{"footnotes":""},"categories":[14121],"tags":[],"class_list":["post-89201","post","type-post","status-publish","format-standard","has-post-thumbnail","hentry","category-policial"],"_links":{"self":[{"href":"https:\/\/blogdoedvaldomagalhaes.com.br\/index.php\/wp-json\/wp\/v2\/posts\/89201","targetHints":{"allow":["GET"]}}],"collection":[{"href":"https:\/\/blogdoedvaldomagalhaes.com.br\/index.php\/wp-json\/wp\/v2\/posts"}],"about":[{"href":"https:\/\/blogdoedvaldomagalhaes.com.br\/index.php\/wp-json\/wp\/v2\/types\/post"}],"author":[{"embeddable":true,"href":"https:\/\/blogdoedvaldomagalhaes.com.br\/index.php\/wp-json\/wp\/v2\/users\/1"}],"replies":[{"embeddable":true,"href":"https:\/\/blogdoedvaldomagalhaes.com.br\/index.php\/wp-json\/wp\/v2\/comments?post=89201"}],"version-history":[{"count":4,"href":"https:\/\/blogdoedvaldomagalhaes.com.br\/index.php\/wp-json\/wp\/v2\/posts\/89201\/revisions"}],"predecessor-version":[{"id":89232,"href":"https:\/\/blogdoedvaldomagalhaes.com.br\/index.php\/wp-json\/wp\/v2\/posts\/89201\/revisions\/89232"}],"wp:featuredmedia":[{"embeddable":true,"href":"https:\/\/blogdoedvaldomagalhaes.com.br\/index.php\/wp-json\/wp\/v2\/media\/89202"}],"wp:attachment":[{"href":"https:\/\/blogdoedvaldomagalhaes.com.br\/index.php\/wp-json\/wp\/v2\/media?parent=89201"}],"wp:term":[{"taxonomy":"category","embeddable":true,"href":"https:\/\/blogdoedvaldomagalhaes.com.br\/index.php\/wp-json\/wp\/v2\/categories?post=89201"},{"taxonomy":"post_tag","embeddable":true,"href":"https:\/\/blogdoedvaldomagalhaes.com.br\/index.php\/wp-json\/wp\/v2\/tags?post=89201"}],"curies":[{"name":"wp","href":"https:\/\/api.w.org\/{rel}","templated":true}]}}