{"id":8920,"date":"2016-07-22T01:07:00","date_gmt":"2016-07-22T04:07:00","guid":{"rendered":"http:\/\/blogdoedvaldomagalhaes.com.br\/index.php\/2016\/07\/22\/aluno-do-ifpe-caruaru-precisa-de-ajudar\/"},"modified":"2019-02-09T00:51:41","modified_gmt":"2019-02-09T02:51:41","slug":"aluno-do-ifpe-caruaru-precisa-de-ajudar","status":"publish","type":"post","link":"https:\/\/blogdoedvaldomagalhaes.com.br\/index.php\/2016\/07\/22\/aluno-do-ifpe-caruaru-precisa-de-ajudar\/","title":{"rendered":"Aluno do IFPE Caruaru precisa de ajudar para ir a \u00c1ustria"},"content":{"rendered":"<div style=\"text-align: justify;\">\n<div class=\"separator\" style=\"clear: both; text-align: center;\">\n<a href=\"https:\/\/4.bp.blogspot.com\/-M8RltKHPy6c\/V5FxwD8WrTI\/AAAAAAAACrU\/sJguptyuvXEw-mXznR15R8j3BqCRL3PygCLcB\/s1600\/ifpe.jpg\" imageanchor=\"1\" style=\"margin-left: 1em; margin-right: 1em;\"><img loading=\"lazy\" decoding=\"async\" border=\"0\" height=\"240\" src=\"http:\/\/blogdoedvaldomagalhaes.com.br\/wp-content\/uploads\/2016\/07\/ifpe.jpg\" width=\"400\" \/><\/a><\/div>\n<p><\/div>\n<div style=\"text-align: justify;\">\nO jovem estudante Manoel Ramos Pereira Neto, aluno do Instituto Federal de Pernambuco (IFPE), em&nbsp;Caruaru, participa de um projeto de inicia\u00e7\u00e3o cient\u00edfica, na \u00e1rea da computa\u00e7\u00e3o,&nbsp;especificamente em minera\u00e7\u00e3o de dados. Trata-se de dois aplicativos de sumariza\u00e7\u00e3o de&nbsp;texto, ou seja, eles resumem texto de cunho jornal\u00edsticos.&nbsp;O Mobile Summarizer e o News&nbsp;Summary Navigator, est\u00e3o dispon\u00edveis no Google Play.&nbsp;<\/p>\n<p>Como fruto do trabalho, em&nbsp;2015, o aluno se escreveu em um artigo e foi aprovado em um congresso internacional&nbsp;no M\u00e9xico, no entanto, n\u00e3o foi apresenta-lo por causa da falta de recursos. Este ano Manoel Ramos,&nbsp;foi aceito em outro congresso internacional, desta vez na \u00c1ustria, que ser\u00e1 realizado em&nbsp;Setembro. Mais uma vez corre o risco de n\u00e3o participar pela falta de verba, devido \u00e0 crise&nbsp;o Instituto Federal far\u00e1 uma contribui\u00e7\u00e3o, mas n\u00e3o sendo nem metade do custo total.<\/p><\/div>\n<div style=\"text-align: justify;\">\n<\/div>\n<div style=\"text-align: justify;\">\nSomando as despesas, como hospedagem, inscri\u00e7\u00e3o do evento, passagem, alimenta\u00e7\u00e3o,&nbsp;o aluno calcula que o custo total se aproxima dos 6 mil reais. Para n\u00e3o perder a oportunidade&nbsp;novamente, ele decidiu pedir a ajuda de todos. Quem puder, pode contribuir atrav\u00e9s da plataforma&nbsp;chamada Vakinha.com.br, \u00e9 uma plataforma online de doa\u00e7\u00e3o. As doa\u00e7\u00f5es podem ser&nbsp;realizadas atrav\u00e9s do cart\u00e3o de cr\u00e9dito ou atrav\u00e9s de boleto banc\u00e1rio. Al\u00e9m disso, todos podem&nbsp;contribuir atrav\u00e9s da conta banc\u00e1ria ou &nbsp;procurando Manoel Ramos pessoalmente.<\/div>\n<div style=\"text-align: justify;\">\n<\/div>\n<div style=\"text-align: justify;\">\nO contato dele \u00e9 o 9 9675-5325.<\/div>\n<div style=\"text-align: justify;\">\n<\/div>\n<div style=\"text-align: justify;\">\nConta Poupan\u00e7a do Banco do Brasil: 9004-2 || Ag\u00eancia: 0710-2 || Varia\u00e7\u00e3o 51<\/div>\n<div style=\"text-align: justify;\">\n<\/div>\n<div style=\"text-align: justify;\">\nLink da Vakinha: https:\/\/www.vakinha.com.br\/vaquinha\/congresso-internacional- na-austria<\/p>\n<\/div>\n","protected":false},"excerpt":{"rendered":"<p>O jovem estudante Manoel Ramos Pereira Neto, aluno do Instituto Federal de Pernambuco (IFPE), em&nbsp;Caruaru, participa de um projeto de&hellip;<\/p>\n","protected":false},"author":1,"featured_media":0,"comment_status":"open","ping_status":"open","sticky":false,"template":"","format":"standard","meta":{"footnotes":""},"categories":[1],"tags":[2,13402,7125,7126,13403,6,13404,13405],"class_list":["post-8920","post","type-post","status-publish","format-standard","hentry","category-sem-categoria","tag-blog-do-edvaldo-magalhaes","tag-google-play","tag-ifpe","tag-instituto-federal-de-pernambuco","tag-manoel-ramos-pereira-neto","tag-noticias","tag-o-mobile-summarizer-e-o-news-summary-navigator","tag-vakinha-com-br"],"_links":{"self":[{"href":"https:\/\/blogdoedvaldomagalhaes.com.br\/index.php\/wp-json\/wp\/v2\/posts\/8920","targetHints":{"allow":["GET"]}}],"collection":[{"href":"https:\/\/blogdoedvaldomagalhaes.com.br\/index.php\/wp-json\/wp\/v2\/posts"}],"about":[{"href":"https:\/\/blogdoedvaldomagalhaes.com.br\/index.php\/wp-json\/wp\/v2\/types\/post"}],"author":[{"embeddable":true,"href":"https:\/\/blogdoedvaldomagalhaes.com.br\/index.php\/wp-json\/wp\/v2\/users\/1"}],"replies":[{"embeddable":true,"href":"https:\/\/blogdoedvaldomagalhaes.com.br\/index.php\/wp-json\/wp\/v2\/comments?post=8920"}],"version-history":[{"count":1,"href":"https:\/\/blogdoedvaldomagalhaes.com.br\/index.php\/wp-json\/wp\/v2\/posts\/8920\/revisions"}],"predecessor-version":[{"id":10497,"href":"https:\/\/blogdoedvaldomagalhaes.com.br\/index.php\/wp-json\/wp\/v2\/posts\/8920\/revisions\/10497"}],"wp:attachment":[{"href":"https:\/\/blogdoedvaldomagalhaes.com.br\/index.php\/wp-json\/wp\/v2\/media?parent=8920"}],"wp:term":[{"taxonomy":"category","embeddable":true,"href":"https:\/\/blogdoedvaldomagalhaes.com.br\/index.php\/wp-json\/wp\/v2\/categories?post=8920"},{"taxonomy":"post_tag","embeddable":true,"href":"https:\/\/blogdoedvaldomagalhaes.com.br\/index.php\/wp-json\/wp\/v2\/tags?post=8920"}],"curies":[{"name":"wp","href":"https:\/\/api.w.org\/{rel}","templated":true}]}}