{"id":892,"date":"2018-10-26T15:41:00","date_gmt":"2018-10-26T17:41:00","guid":{"rendered":"http:\/\/blogdoedvaldomagalhaes.com.br\/index.php\/2018\/10\/26\/motorista-e-detido-pela-prf-com-pistola\/"},"modified":"2019-02-09T02:37:00","modified_gmt":"2019-02-09T04:37:00","slug":"motorista-e-detido-pela-prf-com-pistola","status":"publish","type":"post","link":"https:\/\/blogdoedvaldomagalhaes.com.br\/index.php\/2018\/10\/26\/motorista-e-detido-pela-prf-com-pistola\/","title":{"rendered":"Motorista \u00e9 detido pela PRF com pistola e facas em Gravat\u00e1"},"content":{"rendered":"<div class=\"separator\" style=\"clear: both; text-align: center;\">\n<a href=\"https:\/\/4.bp.blogspot.com\/-4ag0DEF-2UU\/W9M1K93TTQI\/AAAAAAAA8a8\/A6HHOOYSWCIjgthd6LSrn5eU6B_26Sk0QCLcBGAs\/s1600\/prf.jpeg\" imageanchor=\"1\" style=\"margin-left: 1em; margin-right: 1em;\"><img loading=\"lazy\" decoding=\"async\" border=\"0\" data-original-height=\"281\" data-original-width=\"500\" height=\"358\" src=\"http:\/\/blogdoedvaldomagalhaes.com.br\/wp-content\/uploads\/2018\/10\/prf-1.jpeg\" width=\"640\" \/><\/a><\/div>\n<div class=\"separator\" style=\"clear: both; text-align: center;\">\nFotos: PRF\/Divulga\u00e7\u00e3o<\/div>\n<div style=\"background-color: white; box-sizing: border-box; line-height: 24px; margin-bottom: 10px; text-align: justify;\">\n<\/div>\n<div style=\"background-color: white; box-sizing: border-box; line-height: 24px; margin-bottom: 10px; text-align: justify;\">\nUm motorista, de 49 anos, que portava uma pistola municiada e tr\u00eas facas foi detido na madrugada desta sexta-feira (26), pela Pol\u00edcia Rodovi\u00e1ria Federal (PRF), em Gravat\u00e1, Agreste pernambucano. O homem dirigia uma caminhonete e se recusou a realizar o teste do baf\u00f4metro.<\/div>\n<div style=\"background-color: white; box-sizing: border-box; line-height: 24px; margin-bottom: 10px; text-align: justify;\">\nO flagrante foi realizado em uma a\u00e7\u00e3o de policiamento do N\u00facleo de Opera\u00e7\u00f5es Especiais da PRF, no km 71 da BR-232.&nbsp; Ao desembarcar do ve\u00edculo, o motorista teve dificuldade para ficar em p\u00e9, apresentou sinais de embriaguez e se recusou a soprar o baf\u00f4metro.<\/div>\n<div style=\"background-color: white; box-sizing: border-box; line-height: 24px; margin-bottom: 10px; text-align: justify;\">\n<\/div>\n<div class=\"separator\" style=\"clear: both; text-align: center;\">\n<a href=\"https:\/\/3.bp.blogspot.com\/-mhOVvw6pvl4\/W9M1eoiiRcI\/AAAAAAAA8bE\/nxy3kekPgLo41GDcPORxExDqddVyIxGUwCLcBGAs\/s1600\/prf%2B1.jpeg\" imageanchor=\"1\" style=\"margin-left: 1em; margin-right: 1em;\"><img loading=\"lazy\" decoding=\"async\" border=\"0\" data-original-height=\"640\" data-original-width=\"480\" height=\"640\" src=\"http:\/\/blogdoedvaldomagalhaes.com.br\/wp-content\/uploads\/2018\/10\/prf1.jpeg\" width=\"480\" \/><\/a><\/div>\n<div style=\"background-color: white; box-sizing: border-box; line-height: 24px; margin-bottom: 10px; text-align: justify;\">\n<\/div>\n<div style=\"background-color: white; box-sizing: border-box; line-height: 24px; margin-bottom: 10px; text-align: justify;\">\nEm revista no interior da caminhonete, foram encontradas as tr\u00eas facas e uma pistola calibre ponto 380, com 15 muni\u00e7\u00f5es. O homem foi encaminhado \u00e0 Delegacia de Gravat\u00e1 junto com as armas.<\/div>\n<div style=\"background-color: white; box-sizing: border-box; line-height: 24px; margin-bottom: 10px; text-align: justify;\">\nFonte: R\u00e1dio Liberdade.<\/div>\n","protected":false},"excerpt":{"rendered":"<p>Fotos: PRF\/Divulga\u00e7\u00e3o Um motorista, de 49 anos, que portava uma pistola municiada e tr\u00eas facas foi detido na madrugada desta&hellip;<\/p>\n","protected":false},"author":1,"featured_media":0,"comment_status":"open","ping_status":"open","sticky":false,"template":"","format":"standard","meta":{"footnotes":""},"categories":[1],"tags":[2,842,13],"class_list":["post-892","post","type-post","status-publish","format-standard","hentry","category-sem-categoria","tag-blog-do-edvaldo-magalhaes","tag-motorista-e-detido-pela-prf-com-pistola-e-facas-em-gravata","tag-policial"],"_links":{"self":[{"href":"https:\/\/blogdoedvaldomagalhaes.com.br\/index.php\/wp-json\/wp\/v2\/posts\/892","targetHints":{"allow":["GET"]}}],"collection":[{"href":"https:\/\/blogdoedvaldomagalhaes.com.br\/index.php\/wp-json\/wp\/v2\/posts"}],"about":[{"href":"https:\/\/blogdoedvaldomagalhaes.com.br\/index.php\/wp-json\/wp\/v2\/types\/post"}],"author":[{"embeddable":true,"href":"https:\/\/blogdoedvaldomagalhaes.com.br\/index.php\/wp-json\/wp\/v2\/users\/1"}],"replies":[{"embeddable":true,"href":"https:\/\/blogdoedvaldomagalhaes.com.br\/index.php\/wp-json\/wp\/v2\/comments?post=892"}],"version-history":[{"count":1,"href":"https:\/\/blogdoedvaldomagalhaes.com.br\/index.php\/wp-json\/wp\/v2\/posts\/892\/revisions"}],"predecessor-version":[{"id":35278,"href":"https:\/\/blogdoedvaldomagalhaes.com.br\/index.php\/wp-json\/wp\/v2\/posts\/892\/revisions\/35278"}],"wp:attachment":[{"href":"https:\/\/blogdoedvaldomagalhaes.com.br\/index.php\/wp-json\/wp\/v2\/media?parent=892"}],"wp:term":[{"taxonomy":"category","embeddable":true,"href":"https:\/\/blogdoedvaldomagalhaes.com.br\/index.php\/wp-json\/wp\/v2\/categories?post=892"},{"taxonomy":"post_tag","embeddable":true,"href":"https:\/\/blogdoedvaldomagalhaes.com.br\/index.php\/wp-json\/wp\/v2\/tags?post=892"}],"curies":[{"name":"wp","href":"https:\/\/api.w.org\/{rel}","templated":true}]}}