{"id":8918,"date":"2016-07-22T09:51:00","date_gmt":"2016-07-22T12:51:00","guid":{"rendered":"http:\/\/blogdoedvaldomagalhaes.com.br\/index.php\/2016\/07\/22\/assaltante-e-linchado-por-populares-e\/"},"modified":"2019-02-09T00:51:42","modified_gmt":"2019-02-09T02:51:42","slug":"assaltante-e-linchado-por-populares-e","status":"publish","type":"post","link":"https:\/\/blogdoedvaldomagalhaes.com.br\/index.php\/2016\/07\/22\/assaltante-e-linchado-por-populares-e\/","title":{"rendered":"Assaltante \u00e9 linchado por populares e comparsas quebram as pernas dele"},"content":{"rendered":"<div class=\"separator\" style=\"clear: both; text-align: center;\">\n<a href=\"https:\/\/4.bp.blogspot.com\/-s9WPG139y7A\/V5Hqjbk7WoI\/AAAAAAAACsM\/gt1ToD6sr-cEzeGFYysbye5bcYsWUwODACLcB\/s1600\/samu.jpg\" imageanchor=\"1\" style=\"margin-left: 1em; margin-right: 1em;\"><img loading=\"lazy\" decoding=\"async\" border=\"0\" height=\"279\" src=\"http:\/\/blogdoedvaldomagalhaes.com.br\/wp-content\/uploads\/2016\/07\/samu-1.jpg\" width=\"400\" \/><\/a><\/div>\n<div class=\"separator\" style=\"clear: both; text-align: center;\">\n<\/div>\n<div class=\"separator\" style=\"clear: both; text-align: justify;\">\nA Pol\u00edcia Militar de Pernambuco nos passou a informa\u00e7\u00e3o que nesta manh\u00e3 de sexta-feira (22), que um jovem identificado por Jo\u00e3o Paulo da Silva, de 18 anos de idade, estava em uma motocicleta que havia sido roubada, e foi praticar um assalto em uma parada de \u00f4nibus na avenida Major Jo\u00e3o Coelho, no bairro Rendeiras, por\u00e9m, populares descobriram que o assaltante estava desarmado e o espancaram.&nbsp;<\/div>\n<div class=\"separator\" style=\"clear: both; text-align: justify;\">\n<\/div>\n<div class=\"separator\" style=\"clear: both; text-align: justify;\">\nPoliciais disseram que os comparsas do assaltante que estavam em um carro ainda n\u00e3o identificado viram o espancamento e foram socorrer o colega, por\u00e9m, acabaram piorando a situa\u00e7\u00e3o dele, pois na hora que foram tentar atropelar os populares, o ve\u00edculo acabou passando por cima das duas pernas de Jo\u00e3o Paulo e fraturando-as.Jo\u00e3o Paulo foi socorrido para o Hospital Regional do Agreste (HRA), por uma viatura do Samu e os comparsas fugiram.<\/div>\n<div class=\"separator\" style=\"clear: both; text-align: center;\">\n<a href=\"https:\/\/3.bp.blogspot.com\/-ogSGFwchuuY\/V5I9dYxMqoI\/AAAAAAAACtU\/f90yFrfkgEYKO8f30XfAROtl2RAZ1BIZwCLcB\/s1600\/assaltante.jpg\" imageanchor=\"1\" style=\"margin-left: 1em; margin-right: 1em;\"><img loading=\"lazy\" decoding=\"async\" border=\"0\" height=\"400\" src=\"http:\/\/blogdoedvaldomagalhaes.com.br\/wp-content\/uploads\/2016\/07\/assaltante.jpg\" width=\"287\" \/><\/a><\/div>\n<div class=\"separator\" style=\"clear: both; text-align: justify;\">\n<\/div>\n<div style=\"text-align: justify;\">\n<\/div>\n","protected":false},"excerpt":{"rendered":"<p>A Pol\u00edcia Militar de Pernambuco nos passou a informa\u00e7\u00e3o que nesta manh\u00e3 de sexta-feira (22), que um jovem identificado por&hellip;<\/p>\n","protected":false},"author":1,"featured_media":0,"comment_status":"open","ping_status":"open","sticky":false,"template":"","format":"standard","meta":{"footnotes":""},"categories":[1],"tags":[3759,2,312,2083,13398,6887,13399,13,334],"class_list":["post-8918","post","type-post","status-publish","format-standard","hentry","category-sem-categoria","tag-bairro-rendeiras","tag-blog-do-edvaldo-magalhaes","tag-hospital-regional-do-agreste","tag-hra","tag-joao-paulo-da-silva","tag-pmpe","tag-policia-militar-de-pernambuco","tag-policial","tag-samu"],"_links":{"self":[{"href":"https:\/\/blogdoedvaldomagalhaes.com.br\/index.php\/wp-json\/wp\/v2\/posts\/8918","targetHints":{"allow":["GET"]}}],"collection":[{"href":"https:\/\/blogdoedvaldomagalhaes.com.br\/index.php\/wp-json\/wp\/v2\/posts"}],"about":[{"href":"https:\/\/blogdoedvaldomagalhaes.com.br\/index.php\/wp-json\/wp\/v2\/types\/post"}],"author":[{"embeddable":true,"href":"https:\/\/blogdoedvaldomagalhaes.com.br\/index.php\/wp-json\/wp\/v2\/users\/1"}],"replies":[{"embeddable":true,"href":"https:\/\/blogdoedvaldomagalhaes.com.br\/index.php\/wp-json\/wp\/v2\/comments?post=8918"}],"version-history":[{"count":1,"href":"https:\/\/blogdoedvaldomagalhaes.com.br\/index.php\/wp-json\/wp\/v2\/posts\/8918\/revisions"}],"predecessor-version":[{"id":10503,"href":"https:\/\/blogdoedvaldomagalhaes.com.br\/index.php\/wp-json\/wp\/v2\/posts\/8918\/revisions\/10503"}],"wp:attachment":[{"href":"https:\/\/blogdoedvaldomagalhaes.com.br\/index.php\/wp-json\/wp\/v2\/media?parent=8918"}],"wp:term":[{"taxonomy":"category","embeddable":true,"href":"https:\/\/blogdoedvaldomagalhaes.com.br\/index.php\/wp-json\/wp\/v2\/categories?post=8918"},{"taxonomy":"post_tag","embeddable":true,"href":"https:\/\/blogdoedvaldomagalhaes.com.br\/index.php\/wp-json\/wp\/v2\/tags?post=8918"}],"curies":[{"name":"wp","href":"https:\/\/api.w.org\/{rel}","templated":true}]}}