{"id":89174,"date":"2022-10-20T20:00:30","date_gmt":"2022-10-20T23:00:30","guid":{"rendered":"https:\/\/blogdoedvaldomagalhaes.com.br\/?p=89174"},"modified":"2022-10-20T20:12:17","modified_gmt":"2022-10-20T23:12:17","slug":"pesquisa-do-instituto-verita-raquel-com-606-dos-votos-validos-e-marilia-com-394","status":"publish","type":"post","link":"https:\/\/blogdoedvaldomagalhaes.com.br\/index.php\/2022\/10\/20\/pesquisa-do-instituto-verita-raquel-com-606-dos-votos-validos-e-marilia-com-394\/","title":{"rendered":"Pesquisa do Instituto Verit\u00e1: Raquel com 60,6% dos votos v\u00e1lidos e Mar\u00edlia com 39,4%"},"content":{"rendered":"<p style=\"text-align: justify;\">O resultado da primeira rodada da Pesquisa do Instituto Verit\u00e1 do segundo turno para o governo do estado mostrou a vantagem de Raquel Lyra (PSDB) em rela\u00e7\u00e3o \u00e0 Mar\u00edlia Arraes (Solidariedade). A tucana aparece com 60,6% dos votos v\u00e1lidos, j\u00e1 a advers\u00e1ria tem 39,4%. A margem de erro \u00e9 de 3 pontos percentuais para mais ou para menos e o n\u00edvel de confian\u00e7a \u00e9 de 95%.<\/p>\n<p style=\"text-align: justify;\">Os cidad\u00e3os que afirmaram votar em branco ou nulo somam 1,4%, e os indecisos, 14%.&nbsp; levantamento tamb\u00e9m mostra que Raquel tem 51,3% dos votos totais, enquanto Mar\u00edlia soma 33,3%.<\/p>\n<p style=\"text-align: justify;\">A pesquisa entrevistou 2.040 eleitores em Pernambuco, entre 17 e 20 de outubro, em 29 munic\u00edpios, e est\u00e1 registrada no TSE sob o n\u00famero PE-06798\/2022.<\/p>\n","protected":false},"excerpt":{"rendered":"<p>O resultado da primeira rodada da Pesquisa do Instituto Verit\u00e1 do segundo turno para o governo do estado mostrou a&hellip;<\/p>\n","protected":false},"author":1,"featured_media":89176,"comment_status":"closed","ping_status":"open","sticky":false,"template":"","format":"standard","meta":{"footnotes":""},"categories":[14122],"tags":[2,19532,3406,23065,25892,20],"class_list":["post-89174","post","type-post","status-publish","format-standard","has-post-thumbnail","hentry","category-politica","tag-blog-do-edvaldo-magalhaes","tag-blog-mais-acessado-e-visualizado-de-caruaru-e-regiao","tag-caruaru","tag-eleicao","tag-pesquisa-do-instituto-verita","tag-politica"],"_links":{"self":[{"href":"https:\/\/blogdoedvaldomagalhaes.com.br\/index.php\/wp-json\/wp\/v2\/posts\/89174","targetHints":{"allow":["GET"]}}],"collection":[{"href":"https:\/\/blogdoedvaldomagalhaes.com.br\/index.php\/wp-json\/wp\/v2\/posts"}],"about":[{"href":"https:\/\/blogdoedvaldomagalhaes.com.br\/index.php\/wp-json\/wp\/v2\/types\/post"}],"author":[{"embeddable":true,"href":"https:\/\/blogdoedvaldomagalhaes.com.br\/index.php\/wp-json\/wp\/v2\/users\/1"}],"replies":[{"embeddable":true,"href":"https:\/\/blogdoedvaldomagalhaes.com.br\/index.php\/wp-json\/wp\/v2\/comments?post=89174"}],"version-history":[{"count":2,"href":"https:\/\/blogdoedvaldomagalhaes.com.br\/index.php\/wp-json\/wp\/v2\/posts\/89174\/revisions"}],"predecessor-version":[{"id":89178,"href":"https:\/\/blogdoedvaldomagalhaes.com.br\/index.php\/wp-json\/wp\/v2\/posts\/89174\/revisions\/89178"}],"wp:featuredmedia":[{"embeddable":true,"href":"https:\/\/blogdoedvaldomagalhaes.com.br\/index.php\/wp-json\/wp\/v2\/media\/89176"}],"wp:attachment":[{"href":"https:\/\/blogdoedvaldomagalhaes.com.br\/index.php\/wp-json\/wp\/v2\/media?parent=89174"}],"wp:term":[{"taxonomy":"category","embeddable":true,"href":"https:\/\/blogdoedvaldomagalhaes.com.br\/index.php\/wp-json\/wp\/v2\/categories?post=89174"},{"taxonomy":"post_tag","embeddable":true,"href":"https:\/\/blogdoedvaldomagalhaes.com.br\/index.php\/wp-json\/wp\/v2\/tags?post=89174"}],"curies":[{"name":"wp","href":"https:\/\/api.w.org\/{rel}","templated":true}]}}